{"id":1,"date":"2017-10-23T12:56:30","date_gmt":"2017-10-23T12:56:30","guid":{"rendered":"http:\/\/cdu-kempen.de\/?p=1"},"modified":"2017-10-26T09:41:49","modified_gmt":"2017-10-26T09:41:49","slug":"hello-world","status":"publish","type":"post","link":"https:\/\/cdu-kempen.de\/index.php\/hello-world\/","title":{"rendered":"Kempener CDU-Fraktion besucht die Landeshauptstadt sowie den D\u00fcsseldorfer Landtag"},"content":{"rendered":"<p>Die Kempener CDU-Fraktion besuchte im Rahmen einer politischen und kulturellen Weiterbildung die Landeshauptstadt D\u00fcsseldorf mit Stadtrundfahrt, Stadtf\u00fchrung sowie Rundgang durch den Medienhafen. Des Weiteren stand auch der Besuch des Landtages auf dem Programm. Neben einer interessanten F\u00fchrung durch den Landtag stand auch der hiesige Landtagsabgeordnete Dr. Marcus Optendrenk f\u00fcr eine ausf\u00fchrliche Diskussionsrunde zur Verf\u00fcgung und berichtete \u00fcber aktuelle Themen aus der Landesregierung.<\/p>\n","protected":false},"excerpt":{"rendered":"<p>Die Kempener CDU-Fraktion besuchte im Rahmen einer politischen und kulturellen Weiterbildung die Landeshauptstadt D\u00fcsseldorf mit Stadtrundfahrt, Stadtf\u00fchrung sowie Rundgang durch den Medienhafen. Des Weiteren stand auch der Besuch des Landtages auf dem Programm. Neben einer interessanten F\u00fchrung durch den Landtag stand auch der hiesige Landtagsabgeordnete Dr. Marcus Optendrenk f\u00fcr eine ausf\u00fchrliche Diskussionsrunde zur Verf\u00fcgung und [&hellip;]<\/p>\n","protected":false},"author":1,"featured_media":18,"comment_status":"open","ping_status":"open","sticky":false,"template":"","format":"standard","meta":{"_et_pb_use_builder":"","_et_pb_old_content":"","_et_gb_content_width":"","footnotes":""},"categories":[1],"tags":[],"class_list":["post-1","post","type-post","status-publish","format-standard","has-post-thumbnail","hentry","category-uncategorized"],"_links":{"self":[{"href":"https:\/\/cdu-kempen.de\/index.php\/wp-json\/wp\/v2\/posts\/1"}],"collection":[{"href":"https:\/\/cdu-kempen.de\/index.php\/wp-json\/wp\/v2\/posts"}],"about":[{"href":"https:\/\/cdu-kempen.de\/index.php\/wp-json\/wp\/v2\/types\/post"}],"author":[{"embeddable":true,"href":"https:\/\/cdu-kempen.de\/index.php\/wp-json\/wp\/v2\/users\/1"}],"replies":[{"embeddable":true,"href":"https:\/\/cdu-kempen.de\/index.php\/wp-json\/wp\/v2\/comments?post=1"}],"version-history":[{"count":2,"href":"https:\/\/cdu-kempen.de\/index.php\/wp-json\/wp\/v2\/posts\/1\/revisions"}],"predecessor-version":[{"id":17,"href":"https:\/\/cdu-kempen.de\/index.php\/wp-json\/wp\/v2\/posts\/1\/revisions\/17"}],"wp:featuredmedia":[{"embeddable":true,"href":"https:\/\/cdu-kempen.de\/index.php\/wp-json\/wp\/v2\/media\/18"}],"wp:attachment":[{"href":"https:\/\/cdu-kempen.de\/index.php\/wp-json\/wp\/v2\/media?parent=1"}],"wp:term":[{"taxonomy":"category","embeddable":true,"href":"https:\/\/cdu-kempen.de\/index.php\/wp-json\/wp\/v2\/categories?post=1"},{"taxonomy":"post_tag","embeddable":true,"href":"https:\/\/cdu-kempen.de\/index.php\/wp-json\/wp\/v2\/tags?post=1"}],"curies":[{"name":"wp","href":"https:\/\/api.w.org\/{rel}","templated":true}]}}