{"id":10013,"date":"2021-11-28T15:13:42","date_gmt":"2021-11-28T15:13:42","guid":{"rendered":"https:\/\/cdu-kempen.de\/?p=10013"},"modified":"2021-11-28T15:23:07","modified_gmt":"2021-11-28T15:23:07","slug":"weil-du-zaehlst-mitmachen-meinung-sagen-gestalten","status":"publish","type":"post","link":"https:\/\/cdu-kempen.de\/index.php\/weil-du-zaehlst-mitmachen-meinung-sagen-gestalten\/","title":{"rendered":"Weil DU z\u00e4hlst! Mitmachen. Meinung sagen. Gestalten."},"content":{"rendered":"<p><strong> <span style=\"color: #ff6600;\">Unser Land ist so vielf\u00e4ltig wie die Herausforderungen der Zukunft. <\/span><\/strong><\/p>\n<p><span style=\"color: #ff6600;\"><strong>Sch\u00e4rfen wir gemeinsam unseren Blick f\u00fcr das, was wir erreicht haben und f\u00fcr die neuen Perspektiven, die uns weiter voran bringen.<\/strong><\/span><\/p>\n<p><span style=\"color: #ff6600;\"><strong>Da z\u00e4hlt jetzt Deine Meinung!<\/strong><\/span><\/p>\n<p><span style=\"color: #ff6600;\"><strong>Da z\u00e4hlt die Beteiligung aller!<\/strong><\/span><\/p>\n<p><img loading=\"lazy\" decoding=\"async\" class=\"aligncenter wp-image-10016 size-full\" src=\"https:\/\/cdu-kempen.de\/wp-content\/uploads\/2021\/11\/CDU_NRW_Homepage_Kachel_780x439px.png\" alt=\"\" width=\"780\" height=\"439\" srcset=\"https:\/\/cdu-kempen.de\/wp-content\/uploads\/2021\/11\/CDU_NRW_Homepage_Kachel_780x439px.png 780w, https:\/\/cdu-kempen.de\/wp-content\/uploads\/2021\/11\/CDU_NRW_Homepage_Kachel_780x439px-390x220.png 390w, https:\/\/cdu-kempen.de\/wp-content\/uploads\/2021\/11\/CDU_NRW_Homepage_Kachel_780x439px-768x432.png 768w\" sizes=\"(max-width: 780px) 100vw, 780px\" \/><\/p>\n<div class=\"grid-85 tablet-grid-80 mobile-grid-100\">\n<div class=\"entry-content clearfix\">\n<h3 style=\"text-align: left; padding-left: 30px;\"><span style=\"color: #0000ff;\"><strong>\u00a0\u00a0 \u00a0\u00a0 \u00a0\u00a0\u00a0 Hier klicken:<\/strong><\/span><\/h3>\n<h2 style=\"text-align: left; padding-left: 30px;\"><span style=\"color: #ff6600;\"><strong>\u00a0\u00a0\u00a0 \u00a0 \u00a0 <a style=\"color: #ff6600;\" href=\"https:\/\/mitmachen.cdu-nrw.de\/\" target=\"_blank\" rel=\"noopener\">https:\/\/mitmachen.cdu-nrw.de\/weilduzaehlst<\/a><\/strong><\/span><\/h2>\n<\/div>\n<\/div>\n","protected":false},"excerpt":{"rendered":"<p>Unser Land ist so vielf\u00e4ltig wie die Herausforderungen der Zukunft. Sch\u00e4rfen wir gemeinsam unseren Blick f\u00fcr das, was wir erreicht haben und f\u00fcr die neuen Perspektiven, die uns weiter voran bringen. Da z\u00e4hlt jetzt Deine Meinung! Da z\u00e4hlt die Beteiligung aller! \u00a0\u00a0 \u00a0\u00a0 \u00a0\u00a0\u00a0 Hier klicken: \u00a0\u00a0\u00a0 \u00a0 \u00a0 https:\/\/mitmachen.cdu-nrw.de\/weilduzaehlst<\/p>\n","protected":false},"author":5,"featured_media":10016,"comment_status":"closed","ping_status":"open","sticky":false,"template":"","format":"standard","meta":{"_et_pb_use_builder":"","_et_pb_old_content":"","_et_gb_content_width":"","footnotes":""},"categories":[5],"tags":[],"class_list":["post-10013","post","type-post","status-publish","format-standard","has-post-thumbnail","hentry","category-aktuelles"],"_links":{"self":[{"href":"https:\/\/cdu-kempen.de\/index.php\/wp-json\/wp\/v2\/posts\/10013"}],"collection":[{"href":"https:\/\/cdu-kempen.de\/index.php\/wp-json\/wp\/v2\/posts"}],"about":[{"href":"https:\/\/cdu-kempen.de\/index.php\/wp-json\/wp\/v2\/types\/post"}],"author":[{"embeddable":true,"href":"https:\/\/cdu-kempen.de\/index.php\/wp-json\/wp\/v2\/users\/5"}],"replies":[{"embeddable":true,"href":"https:\/\/cdu-kempen.de\/index.php\/wp-json\/wp\/v2\/comments?post=10013"}],"version-history":[{"count":16,"href":"https:\/\/cdu-kempen.de\/index.php\/wp-json\/wp\/v2\/posts\/10013\/revisions"}],"predecessor-version":[{"id":10033,"href":"https:\/\/cdu-kempen.de\/index.php\/wp-json\/wp\/v2\/posts\/10013\/revisions\/10033"}],"wp:featuredmedia":[{"embeddable":true,"href":"https:\/\/cdu-kempen.de\/index.php\/wp-json\/wp\/v2\/media\/10016"}],"wp:attachment":[{"href":"https:\/\/cdu-kempen.de\/index.php\/wp-json\/wp\/v2\/media?parent=10013"}],"wp:term":[{"taxonomy":"category","embeddable":true,"href":"https:\/\/cdu-kempen.de\/index.php\/wp-json\/wp\/v2\/categories?post=10013"},{"taxonomy":"post_tag","embeddable":true,"href":"https:\/\/cdu-kempen.de\/index.php\/wp-json\/wp\/v2\/tags?post=10013"}],"curies":[{"name":"wp","href":"https:\/\/api.w.org\/{rel}","templated":true}]}}