{"id":10089,"date":"2022-03-01T11:11:44","date_gmt":"2022-03-01T11:11:44","guid":{"rendered":"https:\/\/cdu-kempen.de\/?p=10089"},"modified":"2022-03-01T11:11:44","modified_gmt":"2022-03-01T11:11:44","slug":"pressemitteilung-der-cdu-kempen-zum-krieg-in-der-ukraine","status":"publish","type":"post","link":"https:\/\/cdu-kempen.de\/index.php\/pressemitteilung-der-cdu-kempen-zum-krieg-in-der-ukraine\/","title":{"rendered":"Pressemitteilung der CDU Kempen zum Krieg in der Ukraine"},"content":{"rendered":"<p>Russland hat durch den Angriff auf die Ukraine das V\u00f6lkerrecht besorgniserregend verletzt. Auch die CDU Kempen m\u00f6chte ein Zeichen setzen und bittet die Kempener B\u00fcrger, dem Aufruf von B\u00fcrgermeister Christoph Dellmans zu folgen und sich an der Demonstration f\u00fcr den Frieden am Aschermittwoch um 18.00 Uhr auf dem Buttermarkt zu beteiligen. \u201eFl\u00fcchtlinge aus der Ukraine brauchen unsere Hilfe. Auch wir in Kempen m\u00fcssen Solidarit\u00e4t zeigen und Gefl\u00fcchtete aufnehmen\u201c, so der Fraktionsvorsitzende Jochen Herbst.<\/p>\n<p>\u201eVor allem Frauen und Kinder aus der Ukraine sind auf der Flucht, t\u00e4glich werden es mehr. Die Vertriebenen brauchen unsere Unterst\u00fctzung\u201c, sagt die Vorsitzende der Frauen Union Kempen, Heike H\u00f6ltken.<\/p>\n<p>\u201eDie B\u00fcrger der Stadt Kempen k\u00f6nnen am Mittwoch ein klares Zeichen an die F\u00fchrung in Moskau senden. Kriegerische Handlungen sind nicht zu akzeptieren\u201c, so der Parteivorsitzende Carsten H\u00f6ner.<\/p>\n","protected":false},"excerpt":{"rendered":"<p>Russland hat durch den Angriff auf die Ukraine das V\u00f6lkerrecht besorgniserregend verletzt. Auch die CDU Kempen m\u00f6chte ein Zeichen setzen und bittet die Kempener B\u00fcrger, dem Aufruf von B\u00fcrgermeister Christoph Dellmans zu folgen und sich an der Demonstration f\u00fcr den Frieden am Aschermittwoch um 18.00 Uhr auf dem Buttermarkt zu beteiligen. \u201eFl\u00fcchtlinge aus der Ukraine [&hellip;]<\/p>\n","protected":false},"author":6,"featured_media":10090,"comment_status":"closed","ping_status":"open","sticky":false,"template":"","format":"standard","meta":{"_et_pb_use_builder":"","_et_pb_old_content":"","_et_gb_content_width":"","footnotes":""},"categories":[1],"tags":[],"class_list":["post-10089","post","type-post","status-publish","format-standard","has-post-thumbnail","hentry","category-uncategorized"],"_links":{"self":[{"href":"https:\/\/cdu-kempen.de\/index.php\/wp-json\/wp\/v2\/posts\/10089"}],"collection":[{"href":"https:\/\/cdu-kempen.de\/index.php\/wp-json\/wp\/v2\/posts"}],"about":[{"href":"https:\/\/cdu-kempen.de\/index.php\/wp-json\/wp\/v2\/types\/post"}],"author":[{"embeddable":true,"href":"https:\/\/cdu-kempen.de\/index.php\/wp-json\/wp\/v2\/users\/6"}],"replies":[{"embeddable":true,"href":"https:\/\/cdu-kempen.de\/index.php\/wp-json\/wp\/v2\/comments?post=10089"}],"version-history":[{"count":1,"href":"https:\/\/cdu-kempen.de\/index.php\/wp-json\/wp\/v2\/posts\/10089\/revisions"}],"predecessor-version":[{"id":10091,"href":"https:\/\/cdu-kempen.de\/index.php\/wp-json\/wp\/v2\/posts\/10089\/revisions\/10091"}],"wp:featuredmedia":[{"embeddable":true,"href":"https:\/\/cdu-kempen.de\/index.php\/wp-json\/wp\/v2\/media\/10090"}],"wp:attachment":[{"href":"https:\/\/cdu-kempen.de\/index.php\/wp-json\/wp\/v2\/media?parent=10089"}],"wp:term":[{"taxonomy":"category","embeddable":true,"href":"https:\/\/cdu-kempen.de\/index.php\/wp-json\/wp\/v2\/categories?post=10089"},{"taxonomy":"post_tag","embeddable":true,"href":"https:\/\/cdu-kempen.de\/index.php\/wp-json\/wp\/v2\/tags?post=10089"}],"curies":[{"name":"wp","href":"https:\/\/api.w.org\/{rel}","templated":true}]}}