{"id":10107,"date":"2022-03-14T18:07:36","date_gmt":"2022-03-14T18:07:36","guid":{"rendered":"https:\/\/cdu-kempen.de\/?p=10107"},"modified":"2022-03-14T18:13:07","modified_gmt":"2022-03-14T18:13:07","slug":"strassennamen-im-kempener-sueden","status":"publish","type":"post","link":"https:\/\/cdu-kempen.de\/index.php\/strassennamen-im-kempener-sueden\/","title":{"rendered":"Stra\u00dfennamen im Kempener S\u00fcden"},"content":{"rendered":"<p>Die Frauen Union l\u00e4dt zu einem Spaziergang durch den Kempener S\u00fcden ein:<\/p>\n<p>Wer steckt hinter <strong>Emilie Horten, Magdalene Fervers<\/strong> oder <strong>Auguste Tibus<\/strong>? Wer waren <strong>Selma Bruch<\/strong> und <strong>Isaak Kounen<\/strong>?<\/p>\n<p>Wir m\u00f6chten mit Ihnen einen kleinen Spaziergang durch unseren Kempener S\u00fcden machen. Die Historikerin <strong>Dr. Ina Germes-Dohmen<\/strong> wird uns dabei die Bedeutsamkeit dieser Personen erkl\u00e4ren.<\/p>\n<p>Hierzu laden wir Sie ganz herzlich zusammen mit Ina Germes-Dohmen ein:<\/p>\n<p><strong>Freitag, 25. M\u00e4rz 2022 um 15.30 Uhr <\/strong><\/p>\n<p><strong>Treffpunkt: Emilie-Horten-Platz, Kempen<\/strong><\/p>\n<p><strong>(Parkplatz Penny-Markt)<\/strong><\/p>\n<p>Der Spaziergang wird eine L\u00e4nge von ca. 2,5 km haben.<\/p>\n<p>Die komplette Einladung finden Sie hier:<\/p>\n<p><a href=\"https:\/\/cdu-kempen.de\/wp-content\/uploads\/2022\/03\/2022-03-25_Frauen-Union-Kempen-Stra\u00dfennamen-im-Kempener-S\u00fcden.pdf\">2022-03-25_Frauen Union Kempen &#8211; Stra\u00dfennamen im Kempener S\u00fcden<\/a><\/p>\n","protected":false},"excerpt":{"rendered":"<p>Die Frauen Union l\u00e4dt zu einem Spaziergang durch den Kempener S\u00fcden ein: Wer steckt hinter Emilie Horten, Magdalene Fervers oder Auguste Tibus? Wer waren Selma Bruch und Isaak Kounen? Wir m\u00f6chten mit Ihnen einen kleinen Spaziergang durch unseren Kempener S\u00fcden machen. Die Historikerin Dr. Ina Germes-Dohmen wird uns dabei die Bedeutsamkeit dieser Personen erkl\u00e4ren. Hierzu [&hellip;]<\/p>\n","protected":false},"author":6,"featured_media":10108,"comment_status":"closed","ping_status":"open","sticky":false,"template":"","format":"standard","meta":{"_et_pb_use_builder":"","_et_pb_old_content":"","_et_gb_content_width":"","footnotes":""},"categories":[1],"tags":[],"class_list":["post-10107","post","type-post","status-publish","format-standard","has-post-thumbnail","hentry","category-uncategorized"],"_links":{"self":[{"href":"https:\/\/cdu-kempen.de\/index.php\/wp-json\/wp\/v2\/posts\/10107"}],"collection":[{"href":"https:\/\/cdu-kempen.de\/index.php\/wp-json\/wp\/v2\/posts"}],"about":[{"href":"https:\/\/cdu-kempen.de\/index.php\/wp-json\/wp\/v2\/types\/post"}],"author":[{"embeddable":true,"href":"https:\/\/cdu-kempen.de\/index.php\/wp-json\/wp\/v2\/users\/6"}],"replies":[{"embeddable":true,"href":"https:\/\/cdu-kempen.de\/index.php\/wp-json\/wp\/v2\/comments?post=10107"}],"version-history":[{"count":2,"href":"https:\/\/cdu-kempen.de\/index.php\/wp-json\/wp\/v2\/posts\/10107\/revisions"}],"predecessor-version":[{"id":10111,"href":"https:\/\/cdu-kempen.de\/index.php\/wp-json\/wp\/v2\/posts\/10107\/revisions\/10111"}],"wp:featuredmedia":[{"embeddable":true,"href":"https:\/\/cdu-kempen.de\/index.php\/wp-json\/wp\/v2\/media\/10108"}],"wp:attachment":[{"href":"https:\/\/cdu-kempen.de\/index.php\/wp-json\/wp\/v2\/media?parent=10107"}],"wp:term":[{"taxonomy":"category","embeddable":true,"href":"https:\/\/cdu-kempen.de\/index.php\/wp-json\/wp\/v2\/categories?post=10107"},{"taxonomy":"post_tag","embeddable":true,"href":"https:\/\/cdu-kempen.de\/index.php\/wp-json\/wp\/v2\/tags?post=10107"}],"curies":[{"name":"wp","href":"https:\/\/api.w.org\/{rel}","templated":true}]}}