{"id":10119,"date":"2022-04-04T14:38:16","date_gmt":"2022-04-04T14:38:16","guid":{"rendered":"https:\/\/cdu-kempen.de\/?p=10119"},"modified":"2022-04-04T15:37:13","modified_gmt":"2022-04-04T15:37:13","slug":"stellungnhme-zur-klage-gegen-das-ergebnis-der-landratswahl","status":"publish","type":"post","link":"https:\/\/cdu-kempen.de\/index.php\/stellungnhme-zur-klage-gegen-das-ergebnis-der-landratswahl\/","title":{"rendered":"Stellungnahme zur Klage gegen das Ergebnis der Landratswahl"},"content":{"rendered":"<p>Liebe Leserinnen und Leser,<\/p>\n<p>wie in der Presse zu lesen war, hat das Verwaltungsgericht die Landratswahl f\u00fcr nicht rechtm\u00e4\u00dfig erkl\u00e4rt.<br \/>\nWeshalb die CDU das Urteil f\u00fcr falsch h\u00e4lt, welche Faktoren nicht umfassend gew\u00fcrdigt wurden und weshalb die CDU eine Berufung beim Oberverwaltungsgericht M\u00fcnster einlegen wird, k\u00f6nnen Sie im Statement der CDU-Kreistagsfraktion <a href=\"https:\/\/cdu-kempen.de\/wp-content\/uploads\/2022\/04\/PM_Stellunganhme-CDU-Fraktion-zu-Urteil-Landratswahl_01.04.2022.pdf\"><strong>HIER<\/strong><\/a> lesen.<\/p>\n","protected":false},"excerpt":{"rendered":"<p>Liebe Leserinnen und Leser, wie in der Presse zu lesen war, hat das Verwaltungsgericht die Landratswahl f\u00fcr nicht rechtm\u00e4\u00dfig erkl\u00e4rt. Weshalb die CDU das Urteil f\u00fcr falsch h\u00e4lt, welche Faktoren nicht umfassend gew\u00fcrdigt wurden und weshalb die CDU eine Berufung beim Oberverwaltungsgericht M\u00fcnster einlegen wird, k\u00f6nnen Sie im Statement der CDU-Kreistagsfraktion HIER lesen.<\/p>\n","protected":false},"author":5,"featured_media":7956,"comment_status":"closed","ping_status":"open","sticky":false,"template":"","format":"standard","meta":{"_et_pb_use_builder":"","_et_pb_old_content":"","_et_gb_content_width":"","footnotes":""},"categories":[1],"tags":[],"class_list":["post-10119","post","type-post","status-publish","format-standard","has-post-thumbnail","hentry","category-uncategorized"],"_links":{"self":[{"href":"https:\/\/cdu-kempen.de\/index.php\/wp-json\/wp\/v2\/posts\/10119"}],"collection":[{"href":"https:\/\/cdu-kempen.de\/index.php\/wp-json\/wp\/v2\/posts"}],"about":[{"href":"https:\/\/cdu-kempen.de\/index.php\/wp-json\/wp\/v2\/types\/post"}],"author":[{"embeddable":true,"href":"https:\/\/cdu-kempen.de\/index.php\/wp-json\/wp\/v2\/users\/5"}],"replies":[{"embeddable":true,"href":"https:\/\/cdu-kempen.de\/index.php\/wp-json\/wp\/v2\/comments?post=10119"}],"version-history":[{"count":4,"href":"https:\/\/cdu-kempen.de\/index.php\/wp-json\/wp\/v2\/posts\/10119\/revisions"}],"predecessor-version":[{"id":10129,"href":"https:\/\/cdu-kempen.de\/index.php\/wp-json\/wp\/v2\/posts\/10119\/revisions\/10129"}],"wp:featuredmedia":[{"embeddable":true,"href":"https:\/\/cdu-kempen.de\/index.php\/wp-json\/wp\/v2\/media\/7956"}],"wp:attachment":[{"href":"https:\/\/cdu-kempen.de\/index.php\/wp-json\/wp\/v2\/media?parent=10119"}],"wp:term":[{"taxonomy":"category","embeddable":true,"href":"https:\/\/cdu-kempen.de\/index.php\/wp-json\/wp\/v2\/categories?post=10119"},{"taxonomy":"post_tag","embeddable":true,"href":"https:\/\/cdu-kempen.de\/index.php\/wp-json\/wp\/v2\/tags?post=10119"}],"curies":[{"name":"wp","href":"https:\/\/api.w.org\/{rel}","templated":true}]}}