{"id":10150,"date":"2022-04-14T13:33:09","date_gmt":"2022-04-14T13:33:09","guid":{"rendered":"https:\/\/cdu-kempen.de\/?p=10150"},"modified":"2022-04-14T13:33:56","modified_gmt":"2022-04-14T13:33:56","slug":"re10-und-nahmobilitaet-in-kempen","status":"publish","type":"post","link":"https:\/\/cdu-kempen.de\/index.php\/re10-und-nahmobilitaet-in-kempen\/","title":{"rendered":"RE10 und Nahmobilit\u00e4t in Kempen"},"content":{"rendered":"<p>Zu den Themen RE10 und Nahmobilit\u00e4t in Kempen sowie Radverkehrsgesetz und F\u00f6rderung der Nahmobilit\u00e4t durch das Land NRW hat die CDU Kempen den verkehrspolitischen Sprecher der CDU-Landtagsfraktion, Klaus Voussem, eingeladen.<\/p>\n<p>Foto von links nach rechts: Dr. Marcus Optendrenk, Britta Oellers, Klaus Voussem, Heike H\u00f6ltken, Guido G\u00f6rtz und Niklas Hell.<\/p>\n<p>&nbsp;<\/p>\n","protected":false},"excerpt":{"rendered":"<p>Zu den Themen RE10 und Nahmobilit\u00e4t in Kempen sowie Radverkehrsgesetz und F\u00f6rderung der Nahmobilit\u00e4t durch das Land NRW hat die CDU Kempen den verkehrspolitischen Sprecher der CDU-Landtagsfraktion, Klaus Voussem, eingeladen. Foto von links nach rechts: Dr. Marcus Optendrenk, Britta Oellers, Klaus Voussem, Heike H\u00f6ltken, Guido G\u00f6rtz und Niklas Hell. &nbsp;<\/p>\n","protected":false},"author":6,"featured_media":10151,"comment_status":"closed","ping_status":"open","sticky":false,"template":"","format":"standard","meta":{"_et_pb_use_builder":"","_et_pb_old_content":"","_et_gb_content_width":"","footnotes":""},"categories":[1],"tags":[],"class_list":["post-10150","post","type-post","status-publish","format-standard","has-post-thumbnail","hentry","category-uncategorized"],"_links":{"self":[{"href":"https:\/\/cdu-kempen.de\/index.php\/wp-json\/wp\/v2\/posts\/10150"}],"collection":[{"href":"https:\/\/cdu-kempen.de\/index.php\/wp-json\/wp\/v2\/posts"}],"about":[{"href":"https:\/\/cdu-kempen.de\/index.php\/wp-json\/wp\/v2\/types\/post"}],"author":[{"embeddable":true,"href":"https:\/\/cdu-kempen.de\/index.php\/wp-json\/wp\/v2\/users\/6"}],"replies":[{"embeddable":true,"href":"https:\/\/cdu-kempen.de\/index.php\/wp-json\/wp\/v2\/comments?post=10150"}],"version-history":[{"count":2,"href":"https:\/\/cdu-kempen.de\/index.php\/wp-json\/wp\/v2\/posts\/10150\/revisions"}],"predecessor-version":[{"id":10154,"href":"https:\/\/cdu-kempen.de\/index.php\/wp-json\/wp\/v2\/posts\/10150\/revisions\/10154"}],"wp:featuredmedia":[{"embeddable":true,"href":"https:\/\/cdu-kempen.de\/index.php\/wp-json\/wp\/v2\/media\/10151"}],"wp:attachment":[{"href":"https:\/\/cdu-kempen.de\/index.php\/wp-json\/wp\/v2\/media?parent=10150"}],"wp:term":[{"taxonomy":"category","embeddable":true,"href":"https:\/\/cdu-kempen.de\/index.php\/wp-json\/wp\/v2\/categories?post=10150"},{"taxonomy":"post_tag","embeddable":true,"href":"https:\/\/cdu-kempen.de\/index.php\/wp-json\/wp\/v2\/tags?post=10150"}],"curies":[{"name":"wp","href":"https:\/\/api.w.org\/{rel}","templated":true}]}}