{"id":10173,"date":"2022-04-26T14:36:42","date_gmt":"2022-04-26T14:36:42","guid":{"rendered":"https:\/\/cdu-kempen.de\/?p=10173"},"modified":"2022-04-26T14:48:56","modified_gmt":"2022-04-26T14:48:56","slug":"cdu-vergibt-aan-den-boom-preis-an-die-pfadfinder-in-kempen-und-st-hubert","status":"publish","type":"post","link":"https:\/\/cdu-kempen.de\/index.php\/cdu-vergibt-aan-den-boom-preis-an-die-pfadfinder-in-kempen-und-st-hubert\/","title":{"rendered":"CDU vergibt Aan-den-Boom-Preis an die Pfadfinder in Kempen und St. Hubert"},"content":{"rendered":"<div class=\"park-article-content\">\n<p class=\"text_ohne_einzug\">Im Rahmen des erstmals stattfindenden Burgfestes hat die CDU Kempen den traditionellen Aan-den-Boom-Preis verliehen. Freuen konnten sich \u00fcber die Auszeichnung, mit der die CDU Kempen an den fr\u00fcheren Kempener B\u00fcrgermeister, Heinz Aan den Boom erinnert, die Pfadfinder aus Kempen und St. Hubert.<\/p>\n<p class=\"text_ohne_einzug\">\u201eEigentlich verleihen wir die Auszeichnung alle zwei Jahre. Da wir aufgrund der Gegebenheiten die letzte Verleihung nicht vornehmen konnten, haben wir uns in diesem Jahr dazu entschlossen ihn an zwei Gruppen zu verleihen. Es sind zwei Gruppen, die sich gleicherma\u00dfen in der Jugendarbeit engagieren\u201c f\u00fchrte der CDU-Vorsitzende Carsten H\u00f6ner bei der Preis\u00fcbergabe aus.<\/p>\n<p class=\"text\">Die Urkunde und das Preisgeld i.H. von 400,00 Euro je Preistr\u00e4ger nahmen seitens der Pfadfinderschaft Kempen Christoph Goetschkes und f\u00fcr die Pfadfinderschaft St. Hubert Helga Meyes entgegen, die beider betonten, dass das Geld wieder in die Jugendarbeit investiert werden wird.<\/p>\n<p class=\"text\">Christoph Goetschkes vom Vorstand der Kempener Pfadfinder merkte noch an, dass diese Ehrung so etwas wie ein versp\u00e4tetes Geburtstaggeschenk sei, da der Stamm im vergangenen Jahr 75 Jahre alt wurde. Das Jubil\u00e4um konnte bislang aber nicht gefeiert werden. Dies soll nun am 21. August auf, dem Pfadfindergrundst\u00fcck in der N\u00e4he des Entenweihers, nachgeholt werden.<\/p>\n<p><img loading=\"lazy\" decoding=\"async\" class=\"alignnone size-medium wp-image-10177\" src=\"https:\/\/cdu-kempen.de\/wp-content\/uploads\/2022\/04\/IMG_9163-390x245.jpg\" alt=\"\" width=\"390\" height=\"245\" \/>\u00a0\u00a0\u00a0\u00a0\u00a0\u00a0\u00a0\u00a0\u00a0\u00a0\u00a0\u00a0\u00a0\u00a0\u00a0 <img loading=\"lazy\" decoding=\"async\" class=\"alignnone size-medium wp-image-10176\" src=\"https:\/\/cdu-kempen.de\/wp-content\/uploads\/2022\/04\/IMG_9159-390x245.jpg\" alt=\"\" width=\"390\" height=\"245\" \/><\/p>\n<\/div>\n<div>Pfadfinderschaft Kempen, Christoph Goetschkes (rechts) \u00a0\u00a0\u00a0\u00a0\u00a0\u00a0\u00a0\u00a0\u00a0\u00a0\u00a0 Pfadfinderschaft St. Hubert, Helga Meyes (links)<br \/>\nmit CDU-Vorsitzender Carsten H\u00f6ner \u00a0 \u00a0 \u00a0 \u00a0 \u00a0 \u00a0 \u00a0 \u00a0 \u00a0 \u00a0 \u00a0 \u00a0 \u00a0 \u00a0 \u00a0 \u00a0 \u00a0 \u00a0 \u00a0 \u00a0 \u00a0 \u00a0 \u00a0\u00a0 mit CDU-Vorsitzender Carsten H\u00f6ner<\/div>\n","protected":false},"excerpt":{"rendered":"<p>Im Rahmen des erstmals stattfindenden Burgfestes hat die CDU Kempen den traditionellen Aan-den-Boom-Preis verliehen. Freuen konnten sich \u00fcber die Auszeichnung, mit der die CDU Kempen an den fr\u00fcheren Kempener B\u00fcrgermeister, Heinz Aan den Boom erinnert, die Pfadfinder aus Kempen und St. Hubert. \u201eEigentlich verleihen wir die Auszeichnung alle zwei Jahre. Da wir aufgrund der Gegebenheiten [&hellip;]<\/p>\n","protected":false},"author":5,"featured_media":10181,"comment_status":"closed","ping_status":"open","sticky":false,"template":"","format":"standard","meta":{"_et_pb_use_builder":"","_et_pb_old_content":"","_et_gb_content_width":"","footnotes":""},"categories":[5,1],"tags":[16,17],"class_list":["post-10173","post","type-post","status-publish","format-standard","has-post-thumbnail","hentry","category-aktuelles","category-uncategorized","tag-aan-den-boom","tag-preis"],"_links":{"self":[{"href":"https:\/\/cdu-kempen.de\/index.php\/wp-json\/wp\/v2\/posts\/10173"}],"collection":[{"href":"https:\/\/cdu-kempen.de\/index.php\/wp-json\/wp\/v2\/posts"}],"about":[{"href":"https:\/\/cdu-kempen.de\/index.php\/wp-json\/wp\/v2\/types\/post"}],"author":[{"embeddable":true,"href":"https:\/\/cdu-kempen.de\/index.php\/wp-json\/wp\/v2\/users\/5"}],"replies":[{"embeddable":true,"href":"https:\/\/cdu-kempen.de\/index.php\/wp-json\/wp\/v2\/comments?post=10173"}],"version-history":[{"count":6,"href":"https:\/\/cdu-kempen.de\/index.php\/wp-json\/wp\/v2\/posts\/10173\/revisions"}],"predecessor-version":[{"id":10184,"href":"https:\/\/cdu-kempen.de\/index.php\/wp-json\/wp\/v2\/posts\/10173\/revisions\/10184"}],"wp:featuredmedia":[{"embeddable":true,"href":"https:\/\/cdu-kempen.de\/index.php\/wp-json\/wp\/v2\/media\/10181"}],"wp:attachment":[{"href":"https:\/\/cdu-kempen.de\/index.php\/wp-json\/wp\/v2\/media?parent=10173"}],"wp:term":[{"taxonomy":"category","embeddable":true,"href":"https:\/\/cdu-kempen.de\/index.php\/wp-json\/wp\/v2\/categories?post=10173"},{"taxonomy":"post_tag","embeddable":true,"href":"https:\/\/cdu-kempen.de\/index.php\/wp-json\/wp\/v2\/tags?post=10173"}],"curies":[{"name":"wp","href":"https:\/\/api.w.org\/{rel}","templated":true}]}}