{"id":10237,"date":"2022-05-02T10:28:47","date_gmt":"2022-05-02T10:28:47","guid":{"rendered":"https:\/\/cdu-kempen.de\/?p=10237"},"modified":"2022-05-02T11:14:28","modified_gmt":"2022-05-02T11:14:28","slug":"dr-marcus-optendrenk-in-kempen","status":"publish","type":"post","link":"https:\/\/cdu-kempen.de\/index.php\/dr-marcus-optendrenk-in-kempen\/","title":{"rendered":"Dr. Marcus Optendrenk in Kempen"},"content":{"rendered":"<div class=\"grid-85 tablet-grid-80 mobile-grid-100\">\n<div class=\"entry-content clearfix\">\n<p>Im Rahmen seiner Wahlkampftour zur Landtagswahl am 15. Mai 2022 besuchte unser CDU-Landtagskandidat Dr. Marcus Optendrenk am\u00a0Samstag, den 30.04.2022 den Ortsausschuss Kempen-Mitte. Am dortigen Canvassing-Stand auf der Engerstra\u00dfe diskutierte er mit interessierten B\u00fcrgern \u00fcber das aktuelle Wahlprogramm\u00a0der CDU Nordrhein-Westfalen und die Politik der Landes- sowie der Bundesregierung.<\/p>\n<p>&nbsp;<\/p>\n<\/div>\n<p><img loading=\"lazy\" decoding=\"async\" class=\"alignnone size-medium wp-image-10229\" src=\"https:\/\/cdu-kempen.de\/wp-content\/uploads\/2022\/05\/20220430_115110-390x245.jpg\" alt=\"\" width=\"390\" height=\"245\" \/>\u00a0\u00a0 <img loading=\"lazy\" decoding=\"async\" class=\"alignnone size-medium wp-image-10232\" src=\"https:\/\/cdu-kempen.de\/wp-content\/uploads\/2022\/05\/20220430_115216-390x245.jpg\" alt=\"\" width=\"390\" height=\"245\" \/><\/p>\n<p><img loading=\"lazy\" decoding=\"async\" class=\"alignnone size-medium wp-image-10228\" src=\"https:\/\/cdu-kempen.de\/wp-content\/uploads\/2022\/05\/20220430_115104-390x245.jpg\" alt=\"\" width=\"390\" height=\"245\" \/>\u00a0\u00a0 <img loading=\"lazy\" decoding=\"async\" class=\"alignnone size-medium wp-image-10230\" src=\"https:\/\/cdu-kempen.de\/wp-content\/uploads\/2022\/05\/20220430_115148-390x245.jpg\" alt=\"\" width=\"390\" height=\"245\" \/><\/p>\n<p>&nbsp;<\/p>\n<p><img loading=\"lazy\" decoding=\"async\" class=\"alignnone size-medium wp-image-10233\" src=\"https:\/\/cdu-kempen.de\/wp-content\/uploads\/2022\/05\/20220430_115227-390x245.jpg\" alt=\"\" width=\"390\" height=\"245\" \/><\/p>\n<\/div>\n","protected":false},"excerpt":{"rendered":"<p>Im Rahmen seiner Wahlkampftour zur Landtagswahl am 15. Mai 2022 besuchte unser CDU-Landtagskandidat Dr. Marcus Optendrenk am\u00a0Samstag, den 30.04.2022 den Ortsausschuss Kempen-Mitte. Am dortigen Canvassing-Stand auf der Engerstra\u00dfe diskutierte er mit interessierten B\u00fcrgern \u00fcber das aktuelle Wahlprogramm\u00a0der CDU Nordrhein-Westfalen und die Politik der Landes- sowie der Bundesregierung. &nbsp; \u00a0\u00a0 \u00a0\u00a0 &nbsp;<\/p>\n","protected":false},"author":5,"featured_media":10242,"comment_status":"closed","ping_status":"open","sticky":false,"template":"","format":"standard","meta":{"_et_pb_use_builder":"","_et_pb_old_content":"","_et_gb_content_width":"","footnotes":""},"categories":[5,1],"tags":[],"class_list":["post-10237","post","type-post","status-publish","format-standard","has-post-thumbnail","hentry","category-aktuelles","category-uncategorized"],"_links":{"self":[{"href":"https:\/\/cdu-kempen.de\/index.php\/wp-json\/wp\/v2\/posts\/10237"}],"collection":[{"href":"https:\/\/cdu-kempen.de\/index.php\/wp-json\/wp\/v2\/posts"}],"about":[{"href":"https:\/\/cdu-kempen.de\/index.php\/wp-json\/wp\/v2\/types\/post"}],"author":[{"embeddable":true,"href":"https:\/\/cdu-kempen.de\/index.php\/wp-json\/wp\/v2\/users\/5"}],"replies":[{"embeddable":true,"href":"https:\/\/cdu-kempen.de\/index.php\/wp-json\/wp\/v2\/comments?post=10237"}],"version-history":[{"count":4,"href":"https:\/\/cdu-kempen.de\/index.php\/wp-json\/wp\/v2\/posts\/10237\/revisions"}],"predecessor-version":[{"id":10241,"href":"https:\/\/cdu-kempen.de\/index.php\/wp-json\/wp\/v2\/posts\/10237\/revisions\/10241"}],"wp:featuredmedia":[{"embeddable":true,"href":"https:\/\/cdu-kempen.de\/index.php\/wp-json\/wp\/v2\/media\/10242"}],"wp:attachment":[{"href":"https:\/\/cdu-kempen.de\/index.php\/wp-json\/wp\/v2\/media?parent=10237"}],"wp:term":[{"taxonomy":"category","embeddable":true,"href":"https:\/\/cdu-kempen.de\/index.php\/wp-json\/wp\/v2\/categories?post=10237"},{"taxonomy":"post_tag","embeddable":true,"href":"https:\/\/cdu-kempen.de\/index.php\/wp-json\/wp\/v2\/tags?post=10237"}],"curies":[{"name":"wp","href":"https:\/\/api.w.org\/{rel}","templated":true}]}}