{"id":10257,"date":"2022-05-02T18:05:30","date_gmt":"2022-05-02T18:05:30","guid":{"rendered":"https:\/\/cdu-kempen.de\/?p=10257"},"modified":"2022-05-02T18:13:50","modified_gmt":"2022-05-02T18:13:50","slug":"cdu-vor-ort-gespraech-mit-dem-fraktionsvorsitzenden-4","status":"publish","type":"post","link":"https:\/\/cdu-kempen.de\/index.php\/cdu-vor-ort-gespraech-mit-dem-fraktionsvorsitzenden-4\/","title":{"rendered":"CDU vor Ort &#8211; Gespr\u00e4ch mit dem Fraktionsvorsitzenden und mit unserem Landtagsabgeordneten Marcus Optendrenk"},"content":{"rendered":"<p>Der Fraktionsvorsitzende Jochen Herbst m\u00f6chte mit Ihnen und mit euch am Donnerstag, 05. Mai 2022 von 15.30Uhr bis 17.30 Uhr im Eiscaf\u00e9 Pattavino auf dem Concordienplatz ins Gespr\u00e4ch kommen. Von 15.30 Uhr bis 16.30 Uhr ist auch unser Landtagtagsabgeordneter Marcus Optendrenk auf dem Concordienplatz. Kommen Sie einfach vorbei, wenn Sie Fragen an Marcus Optendrenk oder Jochen Herbst haben.<\/p>\n<p>&nbsp;<\/p>\n<p>&nbsp;<\/p>\n<p>&nbsp;<\/p>\n","protected":false},"excerpt":{"rendered":"<p>Der Fraktionsvorsitzende Jochen Herbst m\u00f6chte mit Ihnen und mit euch am Donnerstag, 05. Mai 2022 von 15.30Uhr bis 17.30 Uhr im Eiscaf\u00e9 Pattavino auf dem Concordienplatz ins Gespr\u00e4ch kommen. Von 15.30 Uhr bis 16.30 Uhr ist auch unser Landtagtagsabgeordneter Marcus Optendrenk auf dem Concordienplatz. Kommen Sie einfach vorbei, wenn Sie Fragen an Marcus Optendrenk oder [&hellip;]<\/p>\n","protected":false},"author":6,"featured_media":9850,"comment_status":"closed","ping_status":"open","sticky":false,"template":"","format":"standard","meta":{"_et_pb_use_builder":"","_et_pb_old_content":"","_et_gb_content_width":"","footnotes":""},"categories":[1],"tags":[],"class_list":["post-10257","post","type-post","status-publish","format-standard","has-post-thumbnail","hentry","category-uncategorized"],"_links":{"self":[{"href":"https:\/\/cdu-kempen.de\/index.php\/wp-json\/wp\/v2\/posts\/10257"}],"collection":[{"href":"https:\/\/cdu-kempen.de\/index.php\/wp-json\/wp\/v2\/posts"}],"about":[{"href":"https:\/\/cdu-kempen.de\/index.php\/wp-json\/wp\/v2\/types\/post"}],"author":[{"embeddable":true,"href":"https:\/\/cdu-kempen.de\/index.php\/wp-json\/wp\/v2\/users\/6"}],"replies":[{"embeddable":true,"href":"https:\/\/cdu-kempen.de\/index.php\/wp-json\/wp\/v2\/comments?post=10257"}],"version-history":[{"count":4,"href":"https:\/\/cdu-kempen.de\/index.php\/wp-json\/wp\/v2\/posts\/10257\/revisions"}],"predecessor-version":[{"id":10261,"href":"https:\/\/cdu-kempen.de\/index.php\/wp-json\/wp\/v2\/posts\/10257\/revisions\/10261"}],"wp:featuredmedia":[{"embeddable":true,"href":"https:\/\/cdu-kempen.de\/index.php\/wp-json\/wp\/v2\/media\/9850"}],"wp:attachment":[{"href":"https:\/\/cdu-kempen.de\/index.php\/wp-json\/wp\/v2\/media?parent=10257"}],"wp:term":[{"taxonomy":"category","embeddable":true,"href":"https:\/\/cdu-kempen.de\/index.php\/wp-json\/wp\/v2\/categories?post=10257"},{"taxonomy":"post_tag","embeddable":true,"href":"https:\/\/cdu-kempen.de\/index.php\/wp-json\/wp\/v2\/tags?post=10257"}],"curies":[{"name":"wp","href":"https:\/\/api.w.org\/{rel}","templated":true}]}}