{"id":10426,"date":"2022-07-18T18:20:01","date_gmt":"2022-07-18T18:20:01","guid":{"rendered":"https:\/\/cdu-kempen.de\/?p=10426"},"modified":"2022-07-18T18:20:42","modified_gmt":"2022-07-18T18:20:42","slug":"cdu-vor-ort-gespraech-mit-dem-fraktionsvorsitzenden-5","status":"publish","type":"post","link":"https:\/\/cdu-kempen.de\/index.php\/cdu-vor-ort-gespraech-mit-dem-fraktionsvorsitzenden-5\/","title":{"rendered":"CDU vor Ort \u2013 Gespr\u00e4ch mit dem Fraktionsvorsitzenden"},"content":{"rendered":"\n<p>Der Fraktionsvorsitzende Jochen Herbst m\u00f6chte mit Ihnen und mit euch am Donnerstag, 14.07.2022 von 18.30 Uhr bis 20.30 Uhr im COMIX auf der Peterstra\u00dfe 27 ins Gespr\u00e4ch kommen.<\/p>\n","protected":false},"excerpt":{"rendered":"<p>Der Fraktionsvorsitzende Jochen Herbst m\u00f6chte mit Ihnen und mit euch am Donnerstag, 14.07.2022 von 18.30 Uhr bis 20.30 Uhr im COMIX auf der Peterstra\u00dfe 27 ins Gespr\u00e4ch kommen.<\/p>\n","protected":false},"author":6,"featured_media":9850,"comment_status":"closed","ping_status":"closed","sticky":false,"template":"","format":"standard","meta":{"_et_pb_use_builder":"off","_et_pb_old_content":"","_et_gb_content_width":"","footnotes":""},"categories":[1],"tags":[],"class_list":["post-10426","post","type-post","status-publish","format-standard","has-post-thumbnail","hentry","category-uncategorized"],"_links":{"self":[{"href":"https:\/\/cdu-kempen.de\/index.php\/wp-json\/wp\/v2\/posts\/10426"}],"collection":[{"href":"https:\/\/cdu-kempen.de\/index.php\/wp-json\/wp\/v2\/posts"}],"about":[{"href":"https:\/\/cdu-kempen.de\/index.php\/wp-json\/wp\/v2\/types\/post"}],"author":[{"embeddable":true,"href":"https:\/\/cdu-kempen.de\/index.php\/wp-json\/wp\/v2\/users\/6"}],"replies":[{"embeddable":true,"href":"https:\/\/cdu-kempen.de\/index.php\/wp-json\/wp\/v2\/comments?post=10426"}],"version-history":[{"count":2,"href":"https:\/\/cdu-kempen.de\/index.php\/wp-json\/wp\/v2\/posts\/10426\/revisions"}],"predecessor-version":[{"id":10429,"href":"https:\/\/cdu-kempen.de\/index.php\/wp-json\/wp\/v2\/posts\/10426\/revisions\/10429"}],"wp:featuredmedia":[{"embeddable":true,"href":"https:\/\/cdu-kempen.de\/index.php\/wp-json\/wp\/v2\/media\/9850"}],"wp:attachment":[{"href":"https:\/\/cdu-kempen.de\/index.php\/wp-json\/wp\/v2\/media?parent=10426"}],"wp:term":[{"taxonomy":"category","embeddable":true,"href":"https:\/\/cdu-kempen.de\/index.php\/wp-json\/wp\/v2\/categories?post=10426"},{"taxonomy":"post_tag","embeddable":true,"href":"https:\/\/cdu-kempen.de\/index.php\/wp-json\/wp\/v2\/tags?post=10426"}],"curies":[{"name":"wp","href":"https:\/\/api.w.org\/{rel}","templated":true}]}}