{"id":10480,"date":"2022-08-27T11:56:21","date_gmt":"2022-08-27T11:56:21","guid":{"rendered":"https:\/\/cdu-kempen.de\/?p=10480"},"modified":"2022-09-05T10:14:26","modified_gmt":"2022-09-05T10:14:26","slug":"toenisberger-kartoffel-treff","status":"publish","type":"post","link":"https:\/\/cdu-kempen.de\/index.php\/toenisberger-kartoffel-treff\/","title":{"rendered":"T\u00f6nisberger Kartoffel-Treff"},"content":{"rendered":"\n<p><\/p>\n\n\n\n<p><\/p>\n\n\n\n<h1 class=\"wp-block-heading\">Nach zwei Jahren ist es nun wieder soweit!<br><\/h1>\n\n\n\n<p>Wir laden Sie ganz herzlich ein zu unserem traditionellen Dorffest, dem<\/p>\n\n\n\n<h1 class=\"wp-block-heading\"><br>T\u00f6nisberger Kartoffel &#8211; Treff<\/h1>\n\n\n\n<p><strong>am 04. September 2022 von 10:30 Uhr bis 16:00 Uhr<\/strong><strong>auf<\/strong><strong>dem Op-de-Hipt<\/strong><strong>Platz<\/strong><strong>in<\/strong><strong>T\u00f6nisberg.<\/strong><\/p>\n\n\n\n<p>F\u00fcr das leibliche Wohl ist wie immer bestens mit Gerichten rund um die Kartoffel gesorgt. Auch f\u00fcr die j\u00fcngeren Besucher wird ein sch\u00f6nes Programm angeboten. Nat\u00fcrlich k\u00f6nnen wir uns \u00fcber aktuelle Themen, politische Geschehnisse und vieles mehr austauschen.<\/p>\n\n\n\n<p>Der\/die Gewinner\/in unseres Kartoffel-Rate-Spiels, unser\/e Kartoffelk\u00f6nig\/in, gewinnt eine <strong>Reise nach<\/strong><strong>Berlin f\u00fcr zwei Personen! <\/strong>Auch f\u00fcr die Zweit- und Drittplatzierten gibt es besondere Preise zu gewinnen.<\/p>\n\n\n\n<p>Der Erl\u00f6s des Festes ist f\u00fcr den F\u00f6rderverein der Grundschule T\u00f6nisberg bestimmt. So st\u00e4rken wir gemeinsam unser Heimatdorf.<\/p>\n\n\n\n<p>Wir w\u00fcrden uns sehr freuen, wenn wir Sie auf unserem Fest begr\u00fc\u00dfen d\u00fcrfen. Bis zum 04. September,<\/p>\n\n\n\n<p>Ihr CDU Ortsausschuss T\u00f6nisberg<\/p>\n\n\n\n<p>Kontakt: <a href=\"#\" data-email-protect-click=\"kphqBefw\/mgorgp0fg\"><u><span data-email-protect=\"kphqBefw\/mgorgp0fg\"><\/span><\/u> <\/a>\/ <a href=\"http:\/\/www.cdu-kempen.de\/\"><u>www.cdu-kempen.de<\/u><\/a><\/p>\n","protected":false},"excerpt":{"rendered":"<p>Nach zwei Jahren ist es nun wieder soweit! Wir laden Sie ganz herzlich ein zu unserem traditionellen Dorffest, dem T\u00f6nisberger Kartoffel &#8211; Treff am 04. September 2022 von 10:30 Uhr bis 16:00 Uhraufdem Op-de-HiptPlatzinT\u00f6nisberg. F\u00fcr das leibliche Wohl ist wie immer bestens mit Gerichten rund um die Kartoffel gesorgt. Auch f\u00fcr die j\u00fcngeren Besucher wird [&hellip;]<\/p>\n","protected":false},"author":5,"featured_media":10486,"comment_status":"closed","ping_status":"closed","sticky":false,"template":"","format":"standard","meta":{"_et_pb_use_builder":"off","_et_pb_old_content":"","_et_gb_content_width":"","footnotes":""},"categories":[1],"tags":[32,30,31],"class_list":["post-10480","post","type-post","status-publish","format-standard","has-post-thumbnail","hentry","category-uncategorized","tag-cdu-ortsausschuss","tag-kartoffeltreff","tag-toenisberg"],"_links":{"self":[{"href":"https:\/\/cdu-kempen.de\/index.php\/wp-json\/wp\/v2\/posts\/10480"}],"collection":[{"href":"https:\/\/cdu-kempen.de\/index.php\/wp-json\/wp\/v2\/posts"}],"about":[{"href":"https:\/\/cdu-kempen.de\/index.php\/wp-json\/wp\/v2\/types\/post"}],"author":[{"embeddable":true,"href":"https:\/\/cdu-kempen.de\/index.php\/wp-json\/wp\/v2\/users\/5"}],"replies":[{"embeddable":true,"href":"https:\/\/cdu-kempen.de\/index.php\/wp-json\/wp\/v2\/comments?post=10480"}],"version-history":[{"count":2,"href":"https:\/\/cdu-kempen.de\/index.php\/wp-json\/wp\/v2\/posts\/10480\/revisions"}],"predecessor-version":[{"id":10485,"href":"https:\/\/cdu-kempen.de\/index.php\/wp-json\/wp\/v2\/posts\/10480\/revisions\/10485"}],"wp:featuredmedia":[{"embeddable":true,"href":"https:\/\/cdu-kempen.de\/index.php\/wp-json\/wp\/v2\/media\/10486"}],"wp:attachment":[{"href":"https:\/\/cdu-kempen.de\/index.php\/wp-json\/wp\/v2\/media?parent=10480"}],"wp:term":[{"taxonomy":"category","embeddable":true,"href":"https:\/\/cdu-kempen.de\/index.php\/wp-json\/wp\/v2\/categories?post=10480"},{"taxonomy":"post_tag","embeddable":true,"href":"https:\/\/cdu-kempen.de\/index.php\/wp-json\/wp\/v2\/tags?post=10480"}],"curies":[{"name":"wp","href":"https:\/\/api.w.org\/{rel}","templated":true}]}}