{"id":10565,"date":"2022-11-07T12:39:22","date_gmt":"2022-11-07T12:39:22","guid":{"rendered":"https:\/\/cdu-kempen.de\/?p=10565"},"modified":"2022-11-07T12:39:23","modified_gmt":"2022-11-07T12:39:23","slug":"klausurtagung-2022","status":"publish","type":"post","link":"https:\/\/cdu-kempen.de\/index.php\/klausurtagung-2022\/","title":{"rendered":"Klausurtagung 2022"},"content":{"rendered":"\n<p>Die CDU-Fraktion hat ihre diesj\u00e4hrige Klausurtagung erneut im Straelener Hof abgehalten. Im Vordergrund standen Sachthemen und der vorliegende Haushaltsplanentwurf f\u00fcr das Jahr 2023. In den n\u00e4chsten Wochen werden wir unsere Positionen zum Haushalt 2023 in die Beratungen der Fachaussch\u00fcsse einbringen. Der Haushalt wird anschlie\u00dfend am 15.12.2022 im Rat verabschiedet.<\/p>\n\n\n\n<p><\/p>\n\n\n\n<figure class=\"wp-block-gallery has-nested-images columns-default is-cropped wp-block-gallery-1 is-layout-flex wp-block-gallery-is-layout-flex\">\n<figure class=\"wp-block-image size-large\"><img loading=\"lazy\" decoding=\"async\" width=\"600\" height=\"450\" data-id=\"10569\" src=\"https:\/\/cdu-kempen.de\/wp-content\/uploads\/2022\/11\/Klausurtagung_2022_2.jpg\" alt=\"\" class=\"wp-image-10569\" srcset=\"https:\/\/cdu-kempen.de\/wp-content\/uploads\/2022\/11\/Klausurtagung_2022_2.jpg 600w, https:\/\/cdu-kempen.de\/wp-content\/uploads\/2022\/11\/Klausurtagung_2022_2-480x360.jpg 480w\" sizes=\"(min-width: 0px) and (max-width: 480px) 480px, (min-width: 481px) 600px, 100vw\" \/><\/figure>\n\n\n\n<figure class=\"wp-block-image size-large\"><img loading=\"lazy\" decoding=\"async\" width=\"600\" height=\"450\" data-id=\"10568\" src=\"https:\/\/cdu-kempen.de\/wp-content\/uploads\/2022\/11\/Klausurtagung_2022_3.jpg\" alt=\"\" class=\"wp-image-10568\" srcset=\"https:\/\/cdu-kempen.de\/wp-content\/uploads\/2022\/11\/Klausurtagung_2022_3.jpg 600w, https:\/\/cdu-kempen.de\/wp-content\/uploads\/2022\/11\/Klausurtagung_2022_3-480x360.jpg 480w\" sizes=\"(min-width: 0px) and (max-width: 480px) 480px, (min-width: 481px) 600px, 100vw\" \/><\/figure>\n<\/figure>\n","protected":false},"excerpt":{"rendered":"<p>Die CDU-Fraktion hat ihre diesj\u00e4hrige Klausurtagung erneut im Straelener Hof abgehalten. Im Vordergrund standen Sachthemen und der vorliegende Haushaltsplanentwurf f\u00fcr das Jahr 2023. In den n\u00e4chsten Wochen werden wir unsere Positionen zum Haushalt 2023 in die Beratungen der Fachaussch\u00fcsse einbringen. Der Haushalt wird anschlie\u00dfend am 15.12.2022 im Rat verabschiedet.<\/p>\n","protected":false},"author":5,"featured_media":10567,"comment_status":"closed","ping_status":"closed","sticky":false,"template":"","format":"standard","meta":{"_et_pb_use_builder":"off","_et_pb_old_content":"","_et_gb_content_width":"","footnotes":""},"categories":[1],"tags":[],"class_list":["post-10565","post","type-post","status-publish","format-standard","has-post-thumbnail","hentry","category-uncategorized"],"_links":{"self":[{"href":"https:\/\/cdu-kempen.de\/index.php\/wp-json\/wp\/v2\/posts\/10565"}],"collection":[{"href":"https:\/\/cdu-kempen.de\/index.php\/wp-json\/wp\/v2\/posts"}],"about":[{"href":"https:\/\/cdu-kempen.de\/index.php\/wp-json\/wp\/v2\/types\/post"}],"author":[{"embeddable":true,"href":"https:\/\/cdu-kempen.de\/index.php\/wp-json\/wp\/v2\/users\/5"}],"replies":[{"embeddable":true,"href":"https:\/\/cdu-kempen.de\/index.php\/wp-json\/wp\/v2\/comments?post=10565"}],"version-history":[{"count":5,"href":"https:\/\/cdu-kempen.de\/index.php\/wp-json\/wp\/v2\/posts\/10565\/revisions"}],"predecessor-version":[{"id":10573,"href":"https:\/\/cdu-kempen.de\/index.php\/wp-json\/wp\/v2\/posts\/10565\/revisions\/10573"}],"wp:featuredmedia":[{"embeddable":true,"href":"https:\/\/cdu-kempen.de\/index.php\/wp-json\/wp\/v2\/media\/10567"}],"wp:attachment":[{"href":"https:\/\/cdu-kempen.de\/index.php\/wp-json\/wp\/v2\/media?parent=10565"}],"wp:term":[{"taxonomy":"category","embeddable":true,"href":"https:\/\/cdu-kempen.de\/index.php\/wp-json\/wp\/v2\/categories?post=10565"},{"taxonomy":"post_tag","embeddable":true,"href":"https:\/\/cdu-kempen.de\/index.php\/wp-json\/wp\/v2\/tags?post=10565"}],"curies":[{"name":"wp","href":"https:\/\/api.w.org\/{rel}","templated":true}]}}