{"id":10622,"date":"2022-11-14T16:00:26","date_gmt":"2022-11-14T16:00:26","guid":{"rendered":"https:\/\/cdu-kempen.de\/?p=10622"},"modified":"2022-11-14T16:03:48","modified_gmt":"2022-11-14T16:03:48","slug":"beleuchtung-an-der-fahrradstrecke-schauteshuette","status":"publish","type":"post","link":"https:\/\/cdu-kempen.de\/index.php\/beleuchtung-an-der-fahrradstrecke-schauteshuette\/","title":{"rendered":"Beleuchtung an der Fahrradstrecke \u201eSchautesh\u00fctte\u201c"},"content":{"rendered":"\n<p>Die CDU-Fraktion Kempen beantragt, Solarstra\u00dfenleuchten an der Fahrradstrecke \u201eSchautesh\u00fctte\u201c zu installieren und den Unfallschwerpunkt Erkesh\u00fctte \/ Arnoldstra\u00dfe \/ Industriering Ost auf \u00c4nderungen zum Schutz der Radfahrer zu \u00fcberpr\u00fcfen. <\/p>\n\n\n\n<p><a href=\"https:\/\/cdu-kempen.de\/wp-content\/uploads\/2022\/11\/2022-11-03-CDU-Antrag-Beleuchtung-auf-der-Schauteshuette.pdf\" data-type=\"URL\" data-id=\"https:\/\/cdu-kempen.de\/wp-content\/uploads\/2022\/11\/2022-11-03-CDU-Antrag-Beleuchtung-auf-der-Schauteshuette.pdf\" target=\"_blank\" rel=\"noreferrer noopener\">Mehr anzeigen<\/a><\/p>\n\n\n\n<p><\/p>\n","protected":false},"excerpt":{"rendered":"<p>Die CDU-Fraktion Kempen beantragt, Solarstra\u00dfenleuchten an der Fahrradstrecke \u201eSchautesh\u00fctte\u201c zu installieren und den Unfallschwerpunkt Erkesh\u00fctte \/ Arnoldstra\u00dfe \/ Industriering Ost auf \u00c4nderungen zum Schutz der Radfahrer zu \u00fcberpr\u00fcfen. Mehr anzeigen<\/p>\n","protected":false},"author":5,"featured_media":10625,"comment_status":"closed","ping_status":"closed","sticky":false,"template":"","format":"standard","meta":{"_et_pb_use_builder":"off","_et_pb_old_content":"","_et_gb_content_width":"","footnotes":""},"categories":[1],"tags":[38,39,42,41,40],"class_list":["post-10622","post","type-post","status-publish","format-standard","has-post-thumbnail","hentry","category-uncategorized","tag-beleuchtung","tag-fahrrad","tag-radfahren","tag-radfahrer","tag-radverkehr"],"_links":{"self":[{"href":"https:\/\/cdu-kempen.de\/index.php\/wp-json\/wp\/v2\/posts\/10622"}],"collection":[{"href":"https:\/\/cdu-kempen.de\/index.php\/wp-json\/wp\/v2\/posts"}],"about":[{"href":"https:\/\/cdu-kempen.de\/index.php\/wp-json\/wp\/v2\/types\/post"}],"author":[{"embeddable":true,"href":"https:\/\/cdu-kempen.de\/index.php\/wp-json\/wp\/v2\/users\/5"}],"replies":[{"embeddable":true,"href":"https:\/\/cdu-kempen.de\/index.php\/wp-json\/wp\/v2\/comments?post=10622"}],"version-history":[{"count":5,"href":"https:\/\/cdu-kempen.de\/index.php\/wp-json\/wp\/v2\/posts\/10622\/revisions"}],"predecessor-version":[{"id":10629,"href":"https:\/\/cdu-kempen.de\/index.php\/wp-json\/wp\/v2\/posts\/10622\/revisions\/10629"}],"wp:featuredmedia":[{"embeddable":true,"href":"https:\/\/cdu-kempen.de\/index.php\/wp-json\/wp\/v2\/media\/10625"}],"wp:attachment":[{"href":"https:\/\/cdu-kempen.de\/index.php\/wp-json\/wp\/v2\/media?parent=10622"}],"wp:term":[{"taxonomy":"category","embeddable":true,"href":"https:\/\/cdu-kempen.de\/index.php\/wp-json\/wp\/v2\/categories?post=10622"},{"taxonomy":"post_tag","embeddable":true,"href":"https:\/\/cdu-kempen.de\/index.php\/wp-json\/wp\/v2\/tags?post=10622"}],"curies":[{"name":"wp","href":"https:\/\/api.w.org\/{rel}","templated":true}]}}