{"id":10657,"date":"2022-12-13T21:38:33","date_gmt":"2022-12-13T21:38:33","guid":{"rendered":"https:\/\/cdu-kempen.de\/?p=10657"},"modified":"2022-12-13T21:46:40","modified_gmt":"2022-12-13T21:46:40","slug":"frauen-union-kempen-hat-zu-einer-veranstaltung-im-advent-nach-christ-koenig-eingeladen","status":"publish","type":"post","link":"https:\/\/cdu-kempen.de\/index.php\/frauen-union-kempen-hat-zu-einer-veranstaltung-im-advent-nach-christ-koenig-eingeladen\/","title":{"rendered":"Frauen Union Kempen hat zu einer Veranstaltung im Advent nach Christ K\u00f6nig eingeladen"},"content":{"rendered":"\n<p>Die Frauen Union der CDU Kempen hat zu einer Veranstaltung im Advent nach Christ K\u00f6nig eingeladen. Thema: Wie hat sich das kirchliche Gemeindeleben in den letzten 30 Jahren ver\u00e4ndert? Zun\u00e4chst wurden Weihnachtslieder gesungen. Ute Gremmel-Geuchen begleitete die G\u00e4ste an der Orgel. Sigrid Schrage, Mitglied im Pfarreirat der kath. Kirchengemeinde St. Mariae Geburt, hielt einen R\u00fcckblick auf die letzten Jahre und gab einen Ausblick auf die Zukunft. Zum Abschluss trug die ehemalige stellvertretende B\u00fcrgermeisterin Mathilde Bildstein ein Weihnachtsgedicht von Margarete Kother vor. <\/p>\n\n\n\n<p>Der Nachmittag war eine sch\u00f6ne Einstimmung auf die bevorstehenden Weihnachtstage.<\/p>\n\n\n\n<p><\/p>\n\n\n\n<figure class=\"wp-block-image size-large\"><img loading=\"lazy\" decoding=\"async\" width=\"1160\" height=\"1160\" src=\"https:\/\/cdu-kempen.de\/wp-content\/uploads\/2022\/12\/2022_FU_Advent_8-1160x1160.jpg\" alt=\"\" class=\"wp-image-10665\" srcset=\"https:\/\/cdu-kempen.de\/wp-content\/uploads\/2022\/12\/2022_FU_Advent_8-1160x1160.jpg 1160w, https:\/\/cdu-kempen.de\/wp-content\/uploads\/2022\/12\/2022_FU_Advent_8-980x1307.jpg 980w, https:\/\/cdu-kempen.de\/wp-content\/uploads\/2022\/12\/2022_FU_Advent_8-480x640.jpg 480w\" sizes=\"(min-width: 0px) and (max-width: 480px) 480px, (min-width: 481px) and (max-width: 980px) 980px, (min-width: 981px) 1160px, 100vw\" \/><\/figure>\n\n\n\n<figure class=\"wp-block-image size-large\"><img loading=\"lazy\" decoding=\"async\" width=\"1160\" height=\"1160\" src=\"https:\/\/cdu-kempen.de\/wp-content\/uploads\/2022\/12\/2022_FU_Advent_7-1-1160x1160.jpg\" alt=\"\" class=\"wp-image-10666\" srcset=\"https:\/\/cdu-kempen.de\/wp-content\/uploads\/2022\/12\/2022_FU_Advent_7-1-980x735.jpg 980w, https:\/\/cdu-kempen.de\/wp-content\/uploads\/2022\/12\/2022_FU_Advent_7-1-480x360.jpg 480w\" sizes=\"(min-width: 0px) and (max-width: 480px) 480px, (min-width: 481px) and (max-width: 980px) 980px, (min-width: 981px) 1160px, 100vw\" \/><\/figure>\n\n\n\n<figure class=\"wp-block-image size-large\"><img loading=\"lazy\" decoding=\"async\" width=\"1160\" height=\"1160\" src=\"https:\/\/cdu-kempen.de\/wp-content\/uploads\/2022\/12\/2022_FU_Advent_6-1160x1160.jpg\" alt=\"\" class=\"wp-image-10667\" srcset=\"https:\/\/cdu-kempen.de\/wp-content\/uploads\/2022\/12\/2022_FU_Advent_6-980x1307.jpg 980w, https:\/\/cdu-kempen.de\/wp-content\/uploads\/2022\/12\/2022_FU_Advent_6-480x640.jpg 480w\" sizes=\"(min-width: 0px) and (max-width: 480px) 480px, (min-width: 481px) and (max-width: 980px) 980px, (min-width: 981px) 1160px, 100vw\" \/><\/figure>\n\n\n\n<figure class=\"wp-block-image size-large\"><img loading=\"lazy\" decoding=\"async\" width=\"1160\" height=\"1160\" src=\"https:\/\/cdu-kempen.de\/wp-content\/uploads\/2022\/12\/2022_FU_Advent_5-1-1160x1160.jpg\" alt=\"\" class=\"wp-image-10664\" srcset=\"https:\/\/cdu-kempen.de\/wp-content\/uploads\/2022\/12\/2022_FU_Advent_5-1-980x735.jpg 980w, https:\/\/cdu-kempen.de\/wp-content\/uploads\/2022\/12\/2022_FU_Advent_5-1-480x360.jpg 480w\" sizes=\"(min-width: 0px) and (max-width: 480px) 480px, (min-width: 481px) and (max-width: 980px) 980px, (min-width: 981px) 1160px, 100vw\" \/><\/figure>\n\n\n\n<figure class=\"wp-block-image size-large\"><img loading=\"lazy\" decoding=\"async\" width=\"1160\" height=\"1160\" src=\"https:\/\/cdu-kempen.de\/wp-content\/uploads\/2022\/12\/2022_FU_Advent_3-1160x1160.jpg\" alt=\"\" class=\"wp-image-10662\" srcset=\"https:\/\/cdu-kempen.de\/wp-content\/uploads\/2022\/12\/2022_FU_Advent_3-980x735.jpg 980w, https:\/\/cdu-kempen.de\/wp-content\/uploads\/2022\/12\/2022_FU_Advent_3-480x360.jpg 480w\" sizes=\"(min-width: 0px) and (max-width: 480px) 480px, (min-width: 481px) and (max-width: 980px) 980px, (min-width: 981px) 1160px, 100vw\" \/><\/figure>\n\n\n\n<figure class=\"wp-block-image size-full\"><img loading=\"lazy\" decoding=\"async\" width=\"1024\" height=\"768\" src=\"https:\/\/cdu-kempen.de\/wp-content\/uploads\/2022\/12\/2022_FU_Advent_2.jpg\" alt=\"\" class=\"wp-image-10661\" srcset=\"https:\/\/cdu-kempen.de\/wp-content\/uploads\/2022\/12\/2022_FU_Advent_2.jpg 1024w, https:\/\/cdu-kempen.de\/wp-content\/uploads\/2022\/12\/2022_FU_Advent_2-980x735.jpg 980w, https:\/\/cdu-kempen.de\/wp-content\/uploads\/2022\/12\/2022_FU_Advent_2-480x360.jpg 480w\" sizes=\"(min-width: 0px) and (max-width: 480px) 480px, (min-width: 481px) and (max-width: 980px) 980px, (min-width: 981px) 1024px, 100vw\" \/><\/figure>\n\n\n\n<figure class=\"wp-block-image size-full\"><img loading=\"lazy\" decoding=\"async\" width=\"1024\" height=\"768\" src=\"https:\/\/cdu-kempen.de\/wp-content\/uploads\/2022\/12\/2022_FU_Advent_1.jpg\" alt=\"\" class=\"wp-image-10660\" srcset=\"https:\/\/cdu-kempen.de\/wp-content\/uploads\/2022\/12\/2022_FU_Advent_1.jpg 1024w, https:\/\/cdu-kempen.de\/wp-content\/uploads\/2022\/12\/2022_FU_Advent_1-980x735.jpg 980w, https:\/\/cdu-kempen.de\/wp-content\/uploads\/2022\/12\/2022_FU_Advent_1-480x360.jpg 480w\" sizes=\"(min-width: 0px) and (max-width: 480px) 480px, (min-width: 481px) and (max-width: 980px) 980px, (min-width: 981px) 1024px, 100vw\" \/><\/figure>\n","protected":false},"excerpt":{"rendered":"<p>Die Frauen Union der CDU Kempen hat zu einer Veranstaltung im Advent nach Christ K\u00f6nig eingeladen. Thema: Wie hat sich das kirchliche Gemeindeleben in den letzten 30 Jahren ver\u00e4ndert? Zun\u00e4chst wurden Weihnachtslieder gesungen. Ute Gremmel-Geuchen begleitete die G\u00e4ste an der Orgel. Sigrid Schrage, Mitglied im Pfarreirat der kath. Kirchengemeinde St. Mariae Geburt, hielt einen R\u00fcckblick [&hellip;]<\/p>\n","protected":false},"author":6,"featured_media":10659,"comment_status":"closed","ping_status":"closed","sticky":false,"template":"","format":"standard","meta":{"_et_pb_use_builder":"off","_et_pb_old_content":"","_et_gb_content_width":"","footnotes":""},"categories":[1],"tags":[],"class_list":["post-10657","post","type-post","status-publish","format-standard","has-post-thumbnail","hentry","category-uncategorized"],"_links":{"self":[{"href":"https:\/\/cdu-kempen.de\/index.php\/wp-json\/wp\/v2\/posts\/10657"}],"collection":[{"href":"https:\/\/cdu-kempen.de\/index.php\/wp-json\/wp\/v2\/posts"}],"about":[{"href":"https:\/\/cdu-kempen.de\/index.php\/wp-json\/wp\/v2\/types\/post"}],"author":[{"embeddable":true,"href":"https:\/\/cdu-kempen.de\/index.php\/wp-json\/wp\/v2\/users\/6"}],"replies":[{"embeddable":true,"href":"https:\/\/cdu-kempen.de\/index.php\/wp-json\/wp\/v2\/comments?post=10657"}],"version-history":[{"count":4,"href":"https:\/\/cdu-kempen.de\/index.php\/wp-json\/wp\/v2\/posts\/10657\/revisions"}],"predecessor-version":[{"id":10671,"href":"https:\/\/cdu-kempen.de\/index.php\/wp-json\/wp\/v2\/posts\/10657\/revisions\/10671"}],"wp:featuredmedia":[{"embeddable":true,"href":"https:\/\/cdu-kempen.de\/index.php\/wp-json\/wp\/v2\/media\/10659"}],"wp:attachment":[{"href":"https:\/\/cdu-kempen.de\/index.php\/wp-json\/wp\/v2\/media?parent=10657"}],"wp:term":[{"taxonomy":"category","embeddable":true,"href":"https:\/\/cdu-kempen.de\/index.php\/wp-json\/wp\/v2\/categories?post=10657"},{"taxonomy":"post_tag","embeddable":true,"href":"https:\/\/cdu-kempen.de\/index.php\/wp-json\/wp\/v2\/tags?post=10657"}],"curies":[{"name":"wp","href":"https:\/\/api.w.org\/{rel}","templated":true}]}}