{"id":10744,"date":"2023-01-16T17:36:53","date_gmt":"2023-01-16T17:36:53","guid":{"rendered":"https:\/\/cdu-kempen.de\/?p=10744"},"modified":"2023-01-16T17:47:19","modified_gmt":"2023-01-16T17:47:19","slug":"neujahrsempfang-der-cdu-kempen","status":"publish","type":"post","link":"https:\/\/cdu-kempen.de\/index.php\/neujahrsempfang-der-cdu-kempen\/","title":{"rendered":"Neujahrsempfang der CDU Kempen"},"content":{"rendered":"\n<p>Nach zweij\u00e4hriger pandemiebedingter Unterbrechung fand am vergangenen Freitag (13.01.2023) wieder der traditionelle Neujahrsempfang der Kempener CDU im Kolpinghaus statt. Vorsitzender Carsten H\u00f6ner freute sich, eine Vielzahl von Mitgliedern und G\u00e4sten, darunter Dr. Andreas Coenen (Landrat Kreis Viersen), Dr. Markus Optendrenk (Finanzminister NRW und CDU-Kreisvorsitzender), Christoph Dellmanns (B\u00fcrgermeister Stadt Kempen), begr\u00fc\u00dfen zu k\u00f6nnen.  <\/p>\n\n\n\n<p>In seinen einleitenden Worten dankte er allen Einsatzkr\u00e4ften bei der Feuerwehr, der Polizei, dem Rettungsdienst und den Hilfsorganisationen f\u00fcr ihren Einsatz. Dabei betonte er, das die CDU Kempen jede Aus\u00fcbung von Gewalt gegen\u00fcber Einsatzkr\u00e4ften ablehne und diese ausdr\u00fccklich verurteile. <\/p>\n\n\n\n<p>Im Mittelpunkt des Abends stand der Vortrag des Kreisbrandmeisters Rainer Hockels unter dem Titel &#8222;Bev\u00f6lkerungsschutz in Kempen&#8220;. In diesem informativen und kurzweiligen Vortrag beschr\u00e4nkte sich Rainer H\u00f6ckels nicht nur auf Kempen, sondern gab einen \u00dcberblick \u00fcber die Entwicklung des Bev\u00f6lkerungsschutzes von Ereignissen wie Massenunf\u00e4llen, Kommunikation in Krisenlagen, Hochwasserkatastrophen bis zu den verschiedenen Ma\u00dfnahmen im Kreis Viersen hinsichtlich einer eventuellen Energienotlage. Er betonte hierbei ausdr\u00fccklich, dass alle geplanten Hilfen und Ma\u00dfnahmen nur deswegen funktionieren, weil diese zu 99 Prozent von ehrenamtlich T\u00e4tigen erbracht werden. Diese Aussage wurde mit  starken Aplaus bedacht. <\/p>\n\n\n\n<p>Und der Bev\u00f6lkerungsschutz funktioniere auch nur gemeinsam, betonte Rainer H\u00f6ckels\u00a0und bat darum das man, falls nicht alle Sirenen bei einem Stromausfall funktionieren, doch beim Nachbarn klingeln sollte damit auch dieser gewarnt werde. Auch die vorgesehenen  \u201cLeuchtt\u00fcrme\u201c, wor\u00fcber die Presse bereits berichtete, w\u00fcrden im Ernstfall die Einbindung der Bev\u00f6lkerung ben\u00f6tigten.<\/p>\n\n\n\n<p>Im Anschluss an den Vortrag nutzten die G\u00e4ste die Gelegenheit zum Austausch miteinander sowie mit den anwesenden politischen Vertretern.<\/p>\n\n\n\n<figure class=\"wp-block-gallery has-nested-images columns-default is-cropped wp-block-gallery-1 is-layout-flex wp-block-gallery-is-layout-flex\">\n<figure class=\"wp-block-image size-large\"><img loading=\"lazy\" decoding=\"async\" width=\"2560\" height=\"1920\" data-id=\"10754\" src=\"https:\/\/cdu-kempen.de\/wp-content\/uploads\/2023\/01\/20230113_202256-scaled.jpg\" alt=\"\" class=\"wp-image-10754\" srcset=\"https:\/\/cdu-kempen.de\/wp-content\/uploads\/2023\/01\/20230113_202256-scaled.jpg 2560w, https:\/\/cdu-kempen.de\/wp-content\/uploads\/2023\/01\/20230113_202256-1280x960.jpg 1280w, https:\/\/cdu-kempen.de\/wp-content\/uploads\/2023\/01\/20230113_202256-980x735.jpg 980w, https:\/\/cdu-kempen.de\/wp-content\/uploads\/2023\/01\/20230113_202256-480x360.jpg 480w\" sizes=\"(min-width: 0px) and (max-width: 480px) 480px, (min-width: 481px) and (max-width: 980px) 980px, (min-width: 981px) and (max-width: 1280px) 1280px, (min-width: 1281px) 2560px, 100vw\" \/><\/figure>\n\n\n\n<figure class=\"wp-block-image size-large\"><img loading=\"lazy\" decoding=\"async\" width=\"2560\" height=\"1920\" data-id=\"10753\" src=\"https:\/\/cdu-kempen.de\/wp-content\/uploads\/2023\/01\/20230113_195604-scaled.jpg\" alt=\"\" class=\"wp-image-10753\" srcset=\"https:\/\/cdu-kempen.de\/wp-content\/uploads\/2023\/01\/20230113_195604-scaled.jpg 2560w, https:\/\/cdu-kempen.de\/wp-content\/uploads\/2023\/01\/20230113_195604-1280x960.jpg 1280w, https:\/\/cdu-kempen.de\/wp-content\/uploads\/2023\/01\/20230113_195604-980x735.jpg 980w, https:\/\/cdu-kempen.de\/wp-content\/uploads\/2023\/01\/20230113_195604-480x360.jpg 480w\" sizes=\"(min-width: 0px) and (max-width: 480px) 480px, (min-width: 481px) and (max-width: 980px) 980px, (min-width: 981px) and (max-width: 1280px) 1280px, (min-width: 1281px) 2560px, 100vw\" \/><\/figure>\n\n\n\n<figure class=\"wp-block-image size-large\"><img loading=\"lazy\" decoding=\"async\" width=\"2560\" height=\"1920\" data-id=\"10755\" src=\"https:\/\/cdu-kempen.de\/wp-content\/uploads\/2023\/01\/20230113_202314-scaled.jpg\" alt=\"\" class=\"wp-image-10755\" srcset=\"https:\/\/cdu-kempen.de\/wp-content\/uploads\/2023\/01\/20230113_202314-scaled.jpg 2560w, https:\/\/cdu-kempen.de\/wp-content\/uploads\/2023\/01\/20230113_202314-1280x960.jpg 1280w, https:\/\/cdu-kempen.de\/wp-content\/uploads\/2023\/01\/20230113_202314-980x735.jpg 980w, https:\/\/cdu-kempen.de\/wp-content\/uploads\/2023\/01\/20230113_202314-480x360.jpg 480w\" sizes=\"(min-width: 0px) and (max-width: 480px) 480px, (min-width: 481px) and (max-width: 980px) 980px, (min-width: 981px) and (max-width: 1280px) 1280px, (min-width: 1281px) 2560px, 100vw\" \/><\/figure>\n\n\n\n<figure class=\"wp-block-image size-large\"><img loading=\"lazy\" decoding=\"async\" width=\"2560\" height=\"1920\" data-id=\"10751\" src=\"https:\/\/cdu-kempen.de\/wp-content\/uploads\/2023\/01\/20230113_205454-1-scaled.jpg\" alt=\"\" class=\"wp-image-10751\" srcset=\"https:\/\/cdu-kempen.de\/wp-content\/uploads\/2023\/01\/20230113_205454-1-scaled.jpg 2560w, https:\/\/cdu-kempen.de\/wp-content\/uploads\/2023\/01\/20230113_205454-1-1280x960.jpg 1280w, https:\/\/cdu-kempen.de\/wp-content\/uploads\/2023\/01\/20230113_205454-1-980x735.jpg 980w, https:\/\/cdu-kempen.de\/wp-content\/uploads\/2023\/01\/20230113_205454-1-480x360.jpg 480w\" sizes=\"(min-width: 0px) and (max-width: 480px) 480px, (min-width: 481px) and (max-width: 980px) 980px, (min-width: 981px) and (max-width: 1280px) 1280px, (min-width: 1281px) 2560px, 100vw\" \/><\/figure>\n\n\n\n<figure class=\"wp-block-image size-large\"><img loading=\"lazy\" decoding=\"async\" width=\"2560\" height=\"1920\" data-id=\"10756\" src=\"https:\/\/cdu-kempen.de\/wp-content\/uploads\/2023\/01\/20230113_205313-1-scaled.jpg\" alt=\"\" class=\"wp-image-10756\" srcset=\"https:\/\/cdu-kempen.de\/wp-content\/uploads\/2023\/01\/20230113_205313-1-scaled.jpg 2560w, https:\/\/cdu-kempen.de\/wp-content\/uploads\/2023\/01\/20230113_205313-1-1280x960.jpg 1280w, https:\/\/cdu-kempen.de\/wp-content\/uploads\/2023\/01\/20230113_205313-1-980x735.jpg 980w, https:\/\/cdu-kempen.de\/wp-content\/uploads\/2023\/01\/20230113_205313-1-480x360.jpg 480w\" sizes=\"(min-width: 0px) and (max-width: 480px) 480px, (min-width: 481px) and (max-width: 980px) 980px, (min-width: 981px) and (max-width: 1280px) 1280px, (min-width: 1281px) 2560px, 100vw\" \/><\/figure>\n\n\n\n<figure class=\"wp-block-image size-large\"><img loading=\"lazy\" decoding=\"async\" width=\"1064\" height=\"748\" data-id=\"10759\" src=\"https:\/\/cdu-kempen.de\/wp-content\/uploads\/2023\/01\/20230113_210506.jpg\" alt=\"\" class=\"wp-image-10759\" srcset=\"https:\/\/cdu-kempen.de\/wp-content\/uploads\/2023\/01\/20230113_210506.jpg 1064w, https:\/\/cdu-kempen.de\/wp-content\/uploads\/2023\/01\/20230113_210506-980x689.jpg 980w, https:\/\/cdu-kempen.de\/wp-content\/uploads\/2023\/01\/20230113_210506-480x337.jpg 480w\" sizes=\"(min-width: 0px) and (max-width: 480px) 480px, (min-width: 481px) and (max-width: 980px) 980px, (min-width: 981px) 1064px, 100vw\" \/><\/figure>\n\n\n\n<figure class=\"wp-block-image size-large\"><img loading=\"lazy\" decoding=\"async\" width=\"2560\" height=\"1920\" data-id=\"10740\" src=\"https:\/\/cdu-kempen.de\/wp-content\/uploads\/2023\/01\/20230113_205503-scaled.jpg\" alt=\"\" class=\"wp-image-10740\" srcset=\"https:\/\/cdu-kempen.de\/wp-content\/uploads\/2023\/01\/20230113_205503-scaled.jpg 2560w, https:\/\/cdu-kempen.de\/wp-content\/uploads\/2023\/01\/20230113_205503-1280x960.jpg 1280w, https:\/\/cdu-kempen.de\/wp-content\/uploads\/2023\/01\/20230113_205503-980x735.jpg 980w, https:\/\/cdu-kempen.de\/wp-content\/uploads\/2023\/01\/20230113_205503-480x360.jpg 480w\" sizes=\"(min-width: 0px) and (max-width: 480px) 480px, (min-width: 481px) and (max-width: 980px) 980px, (min-width: 981px) and (max-width: 1280px) 1280px, (min-width: 1281px) 2560px, 100vw\" \/><\/figure>\n\n\n\n<figure class=\"wp-block-image size-large\"><img loading=\"lazy\" decoding=\"async\" width=\"2560\" height=\"1920\" data-id=\"10739\" src=\"https:\/\/cdu-kempen.de\/wp-content\/uploads\/2023\/01\/20230113_205454-scaled.jpg\" alt=\"\" class=\"wp-image-10739\" srcset=\"https:\/\/cdu-kempen.de\/wp-content\/uploads\/2023\/01\/20230113_205454-scaled.jpg 2560w, https:\/\/cdu-kempen.de\/wp-content\/uploads\/2023\/01\/20230113_205454-1280x960.jpg 1280w, https:\/\/cdu-kempen.de\/wp-content\/uploads\/2023\/01\/20230113_205454-980x735.jpg 980w, https:\/\/cdu-kempen.de\/wp-content\/uploads\/2023\/01\/20230113_205454-480x360.jpg 480w\" sizes=\"(min-width: 0px) and (max-width: 480px) 480px, (min-width: 481px) and (max-width: 980px) 980px, (min-width: 981px) and (max-width: 1280px) 1280px, (min-width: 1281px) 2560px, 100vw\" \/><\/figure>\n\n\n\n<figure class=\"wp-block-image size-large\"><img loading=\"lazy\" decoding=\"async\" width=\"2560\" height=\"1920\" data-id=\"10738\" src=\"https:\/\/cdu-kempen.de\/wp-content\/uploads\/2023\/01\/20230113_205448-scaled.jpg\" alt=\"\" class=\"wp-image-10738\" srcset=\"https:\/\/cdu-kempen.de\/wp-content\/uploads\/2023\/01\/20230113_205448-scaled.jpg 2560w, https:\/\/cdu-kempen.de\/wp-content\/uploads\/2023\/01\/20230113_205448-1280x960.jpg 1280w, https:\/\/cdu-kempen.de\/wp-content\/uploads\/2023\/01\/20230113_205448-980x735.jpg 980w, https:\/\/cdu-kempen.de\/wp-content\/uploads\/2023\/01\/20230113_205448-480x360.jpg 480w\" sizes=\"(min-width: 0px) and (max-width: 480px) 480px, (min-width: 481px) and (max-width: 980px) 980px, (min-width: 981px) and (max-width: 1280px) 1280px, (min-width: 1281px) 2560px, 100vw\" \/><\/figure>\n<\/figure>\n\n\n\n<p><\/p>\n","protected":false},"excerpt":{"rendered":"<p>Nach zweij\u00e4hriger pandemiebedingter Unterbrechung fand am vergangenen Freitag (13.01.2023) wieder der traditionelle Neujahrsempfang der Kempener CDU im Kolpinghaus statt. Vorsitzender Carsten H\u00f6ner freute sich, eine Vielzahl von Mitgliedern und G\u00e4sten, darunter Dr. Andreas Coenen (Landrat Kreis Viersen), Dr. Markus Optendrenk (Finanzminister NRW und CDU-Kreisvorsitzender), Christoph Dellmanns (B\u00fcrgermeister Stadt Kempen), begr\u00fc\u00dfen zu k\u00f6nnen. In seinen einleitenden [&hellip;]<\/p>\n","protected":false},"author":5,"featured_media":10754,"comment_status":"closed","ping_status":"closed","sticky":false,"template":"","format":"standard","meta":{"_et_pb_use_builder":"off","_et_pb_old_content":"","_et_gb_content_width":"","footnotes":""},"categories":[1],"tags":[],"class_list":["post-10744","post","type-post","status-publish","format-standard","has-post-thumbnail","hentry","category-uncategorized"],"_links":{"self":[{"href":"https:\/\/cdu-kempen.de\/index.php\/wp-json\/wp\/v2\/posts\/10744"}],"collection":[{"href":"https:\/\/cdu-kempen.de\/index.php\/wp-json\/wp\/v2\/posts"}],"about":[{"href":"https:\/\/cdu-kempen.de\/index.php\/wp-json\/wp\/v2\/types\/post"}],"author":[{"embeddable":true,"href":"https:\/\/cdu-kempen.de\/index.php\/wp-json\/wp\/v2\/users\/5"}],"replies":[{"embeddable":true,"href":"https:\/\/cdu-kempen.de\/index.php\/wp-json\/wp\/v2\/comments?post=10744"}],"version-history":[{"count":17,"href":"https:\/\/cdu-kempen.de\/index.php\/wp-json\/wp\/v2\/posts\/10744\/revisions"}],"predecessor-version":[{"id":10773,"href":"https:\/\/cdu-kempen.de\/index.php\/wp-json\/wp\/v2\/posts\/10744\/revisions\/10773"}],"wp:featuredmedia":[{"embeddable":true,"href":"https:\/\/cdu-kempen.de\/index.php\/wp-json\/wp\/v2\/media\/10754"}],"wp:attachment":[{"href":"https:\/\/cdu-kempen.de\/index.php\/wp-json\/wp\/v2\/media?parent=10744"}],"wp:term":[{"taxonomy":"category","embeddable":true,"href":"https:\/\/cdu-kempen.de\/index.php\/wp-json\/wp\/v2\/categories?post=10744"},{"taxonomy":"post_tag","embeddable":true,"href":"https:\/\/cdu-kempen.de\/index.php\/wp-json\/wp\/v2\/tags?post=10744"}],"curies":[{"name":"wp","href":"https:\/\/api.w.org\/{rel}","templated":true}]}}