{"id":10810,"date":"2023-01-24T19:05:48","date_gmt":"2023-01-24T19:05:48","guid":{"rendered":"https:\/\/cdu-kempen.de\/?p=10810"},"modified":"2023-01-24T19:08:31","modified_gmt":"2023-01-24T19:08:31","slug":"haushaltsrede-2023-cdu-fraktion-kempen","status":"publish","type":"post","link":"https:\/\/cdu-kempen.de\/index.php\/haushaltsrede-2023-cdu-fraktion-kempen\/","title":{"rendered":"Haushaltsrede 2023 CDU-Fraktion Kempen"},"content":{"rendered":"\n<p>In der Ratssitzung am 24. Januar 2023 wurde der Stellenplan und der Haushalt 2023 verabschiedet.<\/p>\n\n\n\n<p>Haushaltsrede der CDU-Fraktion Kempen zum Haushalt 2023<\/p>\n\n\n\n<p>von Jochen Herbst<\/p>\n\n\n\n<p>Sehr geehrter Herr B\u00fcrgermeister Dellmans,<\/p>\n\n\n\n<p>liebe Ratskolleginnen und Ratskollegen,<\/p>\n\n\n\n<p>meine sehr geehrten Damen und Herren!<\/p>\n\n\n\n<p>Das Jahr 2022 hat uns alle vor neue Herausforderungen gestellt.<\/p>\n\n\n\n<p>Gerade ist die Corona-Pandemie endlich soweit zur\u00fcckgegangen, dass man langsam zum normalen Leben in der Gemeinschaft zur\u00fcckkehren konnte, da brach im Februar der Angriffskrieg von Russland auf die Ukraine \u00fcber uns herein und brachte Not und Tod f\u00fcr das \u00fcberfallene Land und neue Fl\u00fcchtlinge f\u00fcr unsere Stadt.<\/p>\n\n\n\n<p>Nun m\u00fcssen wir die Rechnung f\u00fcr h\u00f6here Energiepreise bezahlen. Demgem\u00e4\u00df stieg die Inflationsrate im November 2022 auf 10 %. Zwangsl\u00e4ufig mussten damit auch die Zinsen steigen.<\/p>\n\n\n\n<p>Bitte lesen Sie die komplette Haushaltsrede hier:<\/p>\n\n\n\n<p><a href=\"https:\/\/cdu-kempen.de\/wp-content\/uploads\/2023\/01\/Haushaltsrede-der-CDU-Fraktion-Kempen_24.01.2023_Final.pdf\">https:\/\/cdu-kempen.de\/wp-content\/uploads\/2023\/01\/Haushaltsrede-der-CDU-Fraktion-Kempen_24.01.2023_Final.pdf<\/a><\/p>\n","protected":false},"excerpt":{"rendered":"<p>In der Ratssitzung am 24. Januar 2023 wurde der Stellenplan und der Haushalt 2023 verabschiedet. Haushaltsrede der CDU-Fraktion Kempen zum Haushalt 2023 von Jochen Herbst Sehr geehrter Herr B\u00fcrgermeister Dellmans, liebe Ratskolleginnen und Ratskollegen, meine sehr geehrten Damen und Herren! Das Jahr 2022 hat uns alle vor neue Herausforderungen gestellt. Gerade ist die Corona-Pandemie endlich [&hellip;]<\/p>\n","protected":false},"author":6,"featured_media":10062,"comment_status":"closed","ping_status":"closed","sticky":false,"template":"","format":"standard","meta":{"_et_pb_use_builder":"off","_et_pb_old_content":"","_et_gb_content_width":"","footnotes":""},"categories":[1],"tags":[],"class_list":["post-10810","post","type-post","status-publish","format-standard","has-post-thumbnail","hentry","category-uncategorized"],"_links":{"self":[{"href":"https:\/\/cdu-kempen.de\/index.php\/wp-json\/wp\/v2\/posts\/10810"}],"collection":[{"href":"https:\/\/cdu-kempen.de\/index.php\/wp-json\/wp\/v2\/posts"}],"about":[{"href":"https:\/\/cdu-kempen.de\/index.php\/wp-json\/wp\/v2\/types\/post"}],"author":[{"embeddable":true,"href":"https:\/\/cdu-kempen.de\/index.php\/wp-json\/wp\/v2\/users\/6"}],"replies":[{"embeddable":true,"href":"https:\/\/cdu-kempen.de\/index.php\/wp-json\/wp\/v2\/comments?post=10810"}],"version-history":[{"count":3,"href":"https:\/\/cdu-kempen.de\/index.php\/wp-json\/wp\/v2\/posts\/10810\/revisions"}],"predecessor-version":[{"id":10815,"href":"https:\/\/cdu-kempen.de\/index.php\/wp-json\/wp\/v2\/posts\/10810\/revisions\/10815"}],"wp:featuredmedia":[{"embeddable":true,"href":"https:\/\/cdu-kempen.de\/index.php\/wp-json\/wp\/v2\/media\/10062"}],"wp:attachment":[{"href":"https:\/\/cdu-kempen.de\/index.php\/wp-json\/wp\/v2\/media?parent=10810"}],"wp:term":[{"taxonomy":"category","embeddable":true,"href":"https:\/\/cdu-kempen.de\/index.php\/wp-json\/wp\/v2\/categories?post=10810"},{"taxonomy":"post_tag","embeddable":true,"href":"https:\/\/cdu-kempen.de\/index.php\/wp-json\/wp\/v2\/tags?post=10810"}],"curies":[{"name":"wp","href":"https:\/\/api.w.org\/{rel}","templated":true}]}}