{"id":10829,"date":"2023-02-09T17:50:58","date_gmt":"2023-02-09T17:50:58","guid":{"rendered":"https:\/\/cdu-kempen.de\/?p=10829"},"modified":"2023-02-09T17:59:40","modified_gmt":"2023-02-09T17:59:40","slug":"bundesverdienstkreuz-fuer-ute-gremmel-geuchen","status":"publish","type":"post","link":"https:\/\/cdu-kempen.de\/index.php\/bundesverdienstkreuz-fuer-ute-gremmel-geuchen\/","title":{"rendered":"Bundesverdienstkreuz f\u00fcr Ute Gremmel-Geuchen"},"content":{"rendered":"\n<p>Die CDU Kempen gratuliert ihrer Fraktionskollegin Ute Gremmel-Geuchen ganz herzlich zu der Auszeichnung mit dem Bundesverdienstkreuz.<\/p>\n\n\n\n<figure class=\"wp-block-table\"><table><tbody><tr><td>L<strong>andrat Dr. Andreas Coenen ehrt ehrenamtliches Engagement der Kempenerin<\/strong><\/td><\/tr><tr><td>Kreis Viersen.<\/td><\/tr><tr><td>Ute Gremmel-Geuchen aus Kempen hat am Mittwoch, den 8. Februar, das Bundesverdienstkreuz erhalten. Landrat Dr. Andreas Coenen hat ihr die Auszeichnung im Rahmen einer Feierstunde im Forum des Viersener Kreishauses verliehen. Die 58-j\u00e4hrige Ute Gremmel-Geuchen hat sich durch ihr langj\u00e4hriges Engagement im Bereich Kultur und Erinnerungskultur verdient gemacht.<br><br>\u201eFrau Gremmel-Geuchen setzt sich seit Jahrzehnten leidenschaftlich f\u00fcr die Kultur und die Erinnerungskultur im Kreis Viersen ein. Ich freue mich sehr, sie mit der besonderen Auszeichnung zu ehren\u201c, sagt\u00a0<strong>Landrat Dr. Andreas Coenen<\/strong>.Ute Gremmel-Geuchen hat 1994 gemeinsam mit dem Kempener Unternehmer Karl Nagels den Verein \u201eK\u00f6nig-Orgel in der Paterskirche\u201c gegr\u00fcndet. Dem Verein ist es gelungen, bis zum Jahre 2000 insgesamt 850.000 D-Mark an Spendengeldern zu sammeln, um die barocke Orgel vollst\u00e4ndig zu restaurieren. Die Musikerin ist k\u00fcnstlerische Leiterin der \u201eKempener Orgelkonzerte\u201c, die acht Mal im Jahr stattfinden.<br><br>F\u00fcr das Festival \u201eNiederrheinische Orgelreise\u201c ist sie als Projektleiterin t\u00e4tig. Die geb\u00fcrtige D\u00fcsseldorferin hat dar\u00fcber hinaus die Verlegung von Stolpersteinen im Kempener Stadtgebiet zum Gedenken an die Kempener Opfer des Nationalsozialismus initiiert. Nachdem ihr erster Antrag 2011 im Stadtrat zun\u00e4chst abgelehnt worden ist, erzielte der zweite Versuch 2014 eine Mehrheit. Als Sprecherin der Initiative \u201eProjekt Stolpersteine in Kempen\u201c organisiert sie seitdem die j\u00e4hrliche Verlegung der Stolpersteine und sammelt Spenden, um dies finanziell zu erm\u00f6glichen.<br><br>Text und Foto: <br><strong>Kreis Viersen | Der Landrat<\/strong><br>B\u00fcro des Landrates | Presse- und \u00d6ffentlichkeitsarbeit<\/td><\/tr><\/tbody><\/table><\/figure>\n","protected":false},"excerpt":{"rendered":"<p>Die CDU Kempen gratuliert ihrer Fraktionskollegin Ute Gremmel-Geuchen ganz herzlich zu der Auszeichnung mit dem Bundesverdienstkreuz. Landrat Dr. Andreas Coenen ehrt ehrenamtliches Engagement der Kempenerin Kreis Viersen. Ute Gremmel-Geuchen aus Kempen hat am Mittwoch, den 8. Februar, das Bundesverdienstkreuz erhalten. Landrat Dr. Andreas Coenen hat ihr die Auszeichnung im Rahmen einer Feierstunde im Forum des [&hellip;]<\/p>\n","protected":false},"author":6,"featured_media":10832,"comment_status":"closed","ping_status":"closed","sticky":false,"template":"","format":"standard","meta":{"_et_pb_use_builder":"off","_et_pb_old_content":"","_et_gb_content_width":"","footnotes":""},"categories":[1],"tags":[],"class_list":["post-10829","post","type-post","status-publish","format-standard","has-post-thumbnail","hentry","category-uncategorized"],"_links":{"self":[{"href":"https:\/\/cdu-kempen.de\/index.php\/wp-json\/wp\/v2\/posts\/10829"}],"collection":[{"href":"https:\/\/cdu-kempen.de\/index.php\/wp-json\/wp\/v2\/posts"}],"about":[{"href":"https:\/\/cdu-kempen.de\/index.php\/wp-json\/wp\/v2\/types\/post"}],"author":[{"embeddable":true,"href":"https:\/\/cdu-kempen.de\/index.php\/wp-json\/wp\/v2\/users\/6"}],"replies":[{"embeddable":true,"href":"https:\/\/cdu-kempen.de\/index.php\/wp-json\/wp\/v2\/comments?post=10829"}],"version-history":[{"count":3,"href":"https:\/\/cdu-kempen.de\/index.php\/wp-json\/wp\/v2\/posts\/10829\/revisions"}],"predecessor-version":[{"id":10835,"href":"https:\/\/cdu-kempen.de\/index.php\/wp-json\/wp\/v2\/posts\/10829\/revisions\/10835"}],"wp:featuredmedia":[{"embeddable":true,"href":"https:\/\/cdu-kempen.de\/index.php\/wp-json\/wp\/v2\/media\/10832"}],"wp:attachment":[{"href":"https:\/\/cdu-kempen.de\/index.php\/wp-json\/wp\/v2\/media?parent=10829"}],"wp:term":[{"taxonomy":"category","embeddable":true,"href":"https:\/\/cdu-kempen.de\/index.php\/wp-json\/wp\/v2\/categories?post=10829"},{"taxonomy":"post_tag","embeddable":true,"href":"https:\/\/cdu-kempen.de\/index.php\/wp-json\/wp\/v2\/tags?post=10829"}],"curies":[{"name":"wp","href":"https:\/\/api.w.org\/{rel}","templated":true}]}}