{"id":10839,"date":"2023-02-26T16:47:47","date_gmt":"2023-02-26T16:47:47","guid":{"rendered":"https:\/\/cdu-kempen.de\/?p=10839"},"modified":"2023-02-26T16:47:49","modified_gmt":"2023-02-26T16:47:49","slug":"die-cdu-im-kreis-viersen-steht-an-der-seite-des-ukrainischen-volkes","status":"publish","type":"post","link":"https:\/\/cdu-kempen.de\/index.php\/die-cdu-im-kreis-viersen-steht-an-der-seite-des-ukrainischen-volkes\/","title":{"rendered":"Die CDU im Kreis Viersen steht an der Seite des ukrainischen Volkes"},"content":{"rendered":"\n<p>Die Kreiskonferenz der CDU am 25.02.2023 stand unter dem Zeichen des Krieges in der Ukraine.<\/p>\n\n\n\n<p>Vor einem Jahr begann der russische Angriffskrieg auf die Ukraine. Seitdem sind viele Ukrainerinnen und Ukrainer zu uns in den Kreis Viersen geflohen. Viele Menschen in unserem Land haben ihre H\u00e4user und Herzen ge\u00f6ffnet, um zu helfen. Vielen Dank f\u00fcr dieses Zeichen der Menschlichkeit.<\/p>\n\n\n\n<p>Wir stehen heute und auch in Zukunft fest an der Seite des ukrainischen Volkes.&nbsp;<img loading=\"lazy\" decoding=\"async\" alt=\"\ud83d\udc99\" src=\"https:\/\/static.xx.fbcdn.net\/images\/emoji.php\/v9\/t6c\/1\/16\/1f499.png\" width=\"16\" height=\"16\"><img loading=\"lazy\" decoding=\"async\" alt=\"\ud83d\udc9b\" src=\"https:\/\/static.xx.fbcdn.net\/images\/emoji.php\/v9\/t15\/1\/16\/1f49b.png\" width=\"16\" height=\"16\"><\/p>\n","protected":false},"excerpt":{"rendered":"<p>Die Kreiskonferenz der CDU am 25.02.2023 stand unter dem Zeichen des Krieges in der Ukraine. Vor einem Jahr begann der russische Angriffskrieg auf die Ukraine. Seitdem sind viele Ukrainerinnen und Ukrainer zu uns in den Kreis Viersen geflohen. Viele Menschen in unserem Land haben ihre H\u00e4user und Herzen ge\u00f6ffnet, um zu helfen. Vielen Dank f\u00fcr [&hellip;]<\/p>\n","protected":false},"author":6,"featured_media":10840,"comment_status":"closed","ping_status":"closed","sticky":false,"template":"","format":"standard","meta":{"_et_pb_use_builder":"off","_et_pb_old_content":"","_et_gb_content_width":"","footnotes":""},"categories":[1],"tags":[],"class_list":["post-10839","post","type-post","status-publish","format-standard","has-post-thumbnail","hentry","category-uncategorized"],"_links":{"self":[{"href":"https:\/\/cdu-kempen.de\/index.php\/wp-json\/wp\/v2\/posts\/10839"}],"collection":[{"href":"https:\/\/cdu-kempen.de\/index.php\/wp-json\/wp\/v2\/posts"}],"about":[{"href":"https:\/\/cdu-kempen.de\/index.php\/wp-json\/wp\/v2\/types\/post"}],"author":[{"embeddable":true,"href":"https:\/\/cdu-kempen.de\/index.php\/wp-json\/wp\/v2\/users\/6"}],"replies":[{"embeddable":true,"href":"https:\/\/cdu-kempen.de\/index.php\/wp-json\/wp\/v2\/comments?post=10839"}],"version-history":[{"count":1,"href":"https:\/\/cdu-kempen.de\/index.php\/wp-json\/wp\/v2\/posts\/10839\/revisions"}],"predecessor-version":[{"id":10841,"href":"https:\/\/cdu-kempen.de\/index.php\/wp-json\/wp\/v2\/posts\/10839\/revisions\/10841"}],"wp:featuredmedia":[{"embeddable":true,"href":"https:\/\/cdu-kempen.de\/index.php\/wp-json\/wp\/v2\/media\/10840"}],"wp:attachment":[{"href":"https:\/\/cdu-kempen.de\/index.php\/wp-json\/wp\/v2\/media?parent=10839"}],"wp:term":[{"taxonomy":"category","embeddable":true,"href":"https:\/\/cdu-kempen.de\/index.php\/wp-json\/wp\/v2\/categories?post=10839"},{"taxonomy":"post_tag","embeddable":true,"href":"https:\/\/cdu-kempen.de\/index.php\/wp-json\/wp\/v2\/tags?post=10839"}],"curies":[{"name":"wp","href":"https:\/\/api.w.org\/{rel}","templated":true}]}}