{"id":10856,"date":"2023-03-20T11:54:51","date_gmt":"2023-03-20T11:54:51","guid":{"rendered":"https:\/\/cdu-kempen.de\/?p=10856"},"modified":"2023-03-20T12:43:10","modified_gmt":"2023-03-20T12:43:10","slug":"kreisparteitag-2023","status":"publish","type":"post","link":"https:\/\/cdu-kempen.de\/index.php\/kreisparteitag-2023\/","title":{"rendered":"Kreisparteitag 2023"},"content":{"rendered":"\n<p><strong>Auf dem Kreisparteitag der CDU Kreis Viersen wurde am Samstag, 18. M\u00e4rz 2023, in der Albert-Mooren-Halle in Grefrath-Oedt ein neuer Kreisvorstand gew\u00e4hlt.<\/strong><\/p>\n\n\n\n<p><strong>Aus Kempen wurden Peter Fischer als Stellvertretender Kreisvorsitzender und Heike H\u00f6ltken als Beisitzerin wiedergew\u00e4hlt.<\/strong><\/p>\n\n\n\n<p><strong>Die CDU Kempen gratuliert ganz herzlich und w\u00fcnscht viel Erfolg!<\/strong><\/p>\n","protected":false},"excerpt":{"rendered":"<p>Auf dem Kreisparteitag der CDU Kreis Viersen wurde am Samstag, 18. M\u00e4rz 2023, in der Albert-Mooren-Halle in Grefrath-Oedt ein neuer Kreisvorstand gew\u00e4hlt. Aus Kempen wurden Peter Fischer als Stellvertretender Kreisvorsitzender und Heike H\u00f6ltken als Beisitzerin wiedergew\u00e4hlt. Die CDU Kempen gratuliert ganz herzlich und w\u00fcnscht viel Erfolg!<\/p>\n","protected":false},"author":5,"featured_media":10860,"comment_status":"closed","ping_status":"closed","sticky":false,"template":"","format":"standard","meta":{"_et_pb_use_builder":"off","_et_pb_old_content":"","_et_gb_content_width":"","footnotes":""},"categories":[1],"tags":[],"class_list":["post-10856","post","type-post","status-publish","format-standard","has-post-thumbnail","hentry","category-uncategorized"],"_links":{"self":[{"href":"https:\/\/cdu-kempen.de\/index.php\/wp-json\/wp\/v2\/posts\/10856"}],"collection":[{"href":"https:\/\/cdu-kempen.de\/index.php\/wp-json\/wp\/v2\/posts"}],"about":[{"href":"https:\/\/cdu-kempen.de\/index.php\/wp-json\/wp\/v2\/types\/post"}],"author":[{"embeddable":true,"href":"https:\/\/cdu-kempen.de\/index.php\/wp-json\/wp\/v2\/users\/5"}],"replies":[{"embeddable":true,"href":"https:\/\/cdu-kempen.de\/index.php\/wp-json\/wp\/v2\/comments?post=10856"}],"version-history":[{"count":1,"href":"https:\/\/cdu-kempen.de\/index.php\/wp-json\/wp\/v2\/posts\/10856\/revisions"}],"predecessor-version":[{"id":10857,"href":"https:\/\/cdu-kempen.de\/index.php\/wp-json\/wp\/v2\/posts\/10856\/revisions\/10857"}],"wp:featuredmedia":[{"embeddable":true,"href":"https:\/\/cdu-kempen.de\/index.php\/wp-json\/wp\/v2\/media\/10860"}],"wp:attachment":[{"href":"https:\/\/cdu-kempen.de\/index.php\/wp-json\/wp\/v2\/media?parent=10856"}],"wp:term":[{"taxonomy":"category","embeddable":true,"href":"https:\/\/cdu-kempen.de\/index.php\/wp-json\/wp\/v2\/categories?post=10856"},{"taxonomy":"post_tag","embeddable":true,"href":"https:\/\/cdu-kempen.de\/index.php\/wp-json\/wp\/v2\/tags?post=10856"}],"curies":[{"name":"wp","href":"https:\/\/api.w.org\/{rel}","templated":true}]}}