{"id":10862,"date":"2023-03-26T16:55:53","date_gmt":"2023-03-26T16:55:53","guid":{"rendered":"https:\/\/cdu-kempen.de\/?p=10862"},"modified":"2023-03-26T16:55:56","modified_gmt":"2023-03-26T16:55:56","slug":"cdu-vor-ort-in-toenisberg-gespraech-mit-dem-fraktionsvorsitzenden","status":"publish","type":"post","link":"https:\/\/cdu-kempen.de\/index.php\/cdu-vor-ort-in-toenisberg-gespraech-mit-dem-fraktionsvorsitzenden\/","title":{"rendered":"CDU vor Ort in T\u00f6nisberg \u2013 Gespr\u00e4ch mit dem Fraktionsvorsitzenden"},"content":{"rendered":"\n<p>Der Fraktionsvorsitzende Jochen Herbst und der CDU-Ratsherr aus T\u00f6nisberg, Maximilian Thelen, m\u00f6chten mit Ihnen und mit euch am <strong>Samstag, 01. April 2023 von 11.00 Uhr bis 12.00 Uhr in der B\u00e4ckerei Hoenen Filiale T\u00f6nisberg M\u00fchlencaf\u00e9, Schaephuysener Str. 6<\/strong> (Netto Markt, Kempen-T\u00f6nisberg) ins Gespr\u00e4ch kommen.<\/p>\n","protected":false},"excerpt":{"rendered":"<p>Der Fraktionsvorsitzende Jochen Herbst und der CDU-Ratsherr aus T\u00f6nisberg, Maximilian Thelen, m\u00f6chten mit Ihnen und mit euch am Samstag, 01. April 2023 von 11.00 Uhr bis 12.00 Uhr in der B\u00e4ckerei Hoenen Filiale T\u00f6nisberg M\u00fchlencaf\u00e9, Schaephuysener Str. 6 (Netto Markt, Kempen-T\u00f6nisberg) ins Gespr\u00e4ch kommen.<\/p>\n","protected":false},"author":6,"featured_media":10863,"comment_status":"closed","ping_status":"closed","sticky":false,"template":"","format":"standard","meta":{"_et_pb_use_builder":"off","_et_pb_old_content":"","_et_gb_content_width":"","footnotes":""},"categories":[1],"tags":[],"class_list":["post-10862","post","type-post","status-publish","format-standard","has-post-thumbnail","hentry","category-uncategorized"],"_links":{"self":[{"href":"https:\/\/cdu-kempen.de\/index.php\/wp-json\/wp\/v2\/posts\/10862"}],"collection":[{"href":"https:\/\/cdu-kempen.de\/index.php\/wp-json\/wp\/v2\/posts"}],"about":[{"href":"https:\/\/cdu-kempen.de\/index.php\/wp-json\/wp\/v2\/types\/post"}],"author":[{"embeddable":true,"href":"https:\/\/cdu-kempen.de\/index.php\/wp-json\/wp\/v2\/users\/6"}],"replies":[{"embeddable":true,"href":"https:\/\/cdu-kempen.de\/index.php\/wp-json\/wp\/v2\/comments?post=10862"}],"version-history":[{"count":1,"href":"https:\/\/cdu-kempen.de\/index.php\/wp-json\/wp\/v2\/posts\/10862\/revisions"}],"predecessor-version":[{"id":10864,"href":"https:\/\/cdu-kempen.de\/index.php\/wp-json\/wp\/v2\/posts\/10862\/revisions\/10864"}],"wp:featuredmedia":[{"embeddable":true,"href":"https:\/\/cdu-kempen.de\/index.php\/wp-json\/wp\/v2\/media\/10863"}],"wp:attachment":[{"href":"https:\/\/cdu-kempen.de\/index.php\/wp-json\/wp\/v2\/media?parent=10862"}],"wp:term":[{"taxonomy":"category","embeddable":true,"href":"https:\/\/cdu-kempen.de\/index.php\/wp-json\/wp\/v2\/categories?post=10862"},{"taxonomy":"post_tag","embeddable":true,"href":"https:\/\/cdu-kempen.de\/index.php\/wp-json\/wp\/v2\/tags?post=10862"}],"curies":[{"name":"wp","href":"https:\/\/api.w.org\/{rel}","templated":true}]}}