{"id":10882,"date":"2023-06-12T14:04:43","date_gmt":"2023-06-12T14:04:43","guid":{"rendered":"https:\/\/cdu-kempen.de\/?p=10882"},"modified":"2023-06-12T14:04:44","modified_gmt":"2023-06-12T14:04:44","slug":"nrw-innenminister-herbert-reul-kommt-nach-kempen","status":"publish","type":"post","link":"https:\/\/cdu-kempen.de\/index.php\/nrw-innenminister-herbert-reul-kommt-nach-kempen\/","title":{"rendered":"NRW-Innenminister Herbert Reul kommt nach Kempen"},"content":{"rendered":"\n<p>Auf Einladung des CDU-Stadtverbandes Kempen kommt NRW-Innenminister Herbert Reul am<\/p>\n\n\n\n<p class=\"has-text-align-center\"><strong>Donnerstag, 29.06.2023<\/strong>, <strong>ab 18.00 Uhr<\/strong> <\/p>\n\n\n\n<p>ins Kolpinghaus (gro\u00dfer Saal) nach Kempen und spricht zum Thema &#8222;Innere Sicherheit&#8220;.<\/p>\n\n\n\n<p>Mit der Wahl von Herbert Reul zum Innenminister 2017 hat sich in NRW eine sicherheitspolitische Wende vollzogen. Denn seit seinem Amtsantritt setzt er sich f\u00fcr eine konsequente Null-Toleranz-Linie gegen Kriminalit\u00e4t aller Art ein. Bekannt ist seine \u201ePolitik der 1000 Nadelstiche\u201c. Seine klare Haltung macht ihn seit Jahren zum beliebtesten Politiker NRWs.<\/p>\n\n\n\n<p>Daher freuen wir uns, dass der Innenminister Herbert Reul uns an diesem Abend pers\u00f6nlich seine Sicherheitspolitik vorstellen wird. Anschlie\u00dfend besteht die M\u00f6glichkeit, mit ihm dar\u00fcber ins Gespr\u00e4ch zu kommen.<\/p>\n","protected":false},"excerpt":{"rendered":"<p>Auf Einladung des CDU-Stadtverbandes Kempen kommt NRW-Innenminister Herbert Reul am Donnerstag, 29.06.2023, ab 18.00 Uhr ins Kolpinghaus (gro\u00dfer Saal) nach Kempen und spricht zum Thema &#8222;Innere Sicherheit&#8220;. Mit der Wahl von Herbert Reul zum Innenminister 2017 hat sich in NRW eine sicherheitspolitische Wende vollzogen. Denn seit seinem Amtsantritt setzt er sich f\u00fcr eine konsequente Null-Toleranz-Linie [&hellip;]<\/p>\n","protected":false},"author":5,"featured_media":10897,"comment_status":"closed","ping_status":"closed","sticky":false,"template":"","format":"standard","meta":{"_et_pb_use_builder":"off","_et_pb_old_content":"","_et_gb_content_width":"","footnotes":""},"categories":[1],"tags":[],"class_list":["post-10882","post","type-post","status-publish","format-standard","has-post-thumbnail","hentry","category-uncategorized"],"_links":{"self":[{"href":"https:\/\/cdu-kempen.de\/index.php\/wp-json\/wp\/v2\/posts\/10882"}],"collection":[{"href":"https:\/\/cdu-kempen.de\/index.php\/wp-json\/wp\/v2\/posts"}],"about":[{"href":"https:\/\/cdu-kempen.de\/index.php\/wp-json\/wp\/v2\/types\/post"}],"author":[{"embeddable":true,"href":"https:\/\/cdu-kempen.de\/index.php\/wp-json\/wp\/v2\/users\/5"}],"replies":[{"embeddable":true,"href":"https:\/\/cdu-kempen.de\/index.php\/wp-json\/wp\/v2\/comments?post=10882"}],"version-history":[{"count":5,"href":"https:\/\/cdu-kempen.de\/index.php\/wp-json\/wp\/v2\/posts\/10882\/revisions"}],"predecessor-version":[{"id":10901,"href":"https:\/\/cdu-kempen.de\/index.php\/wp-json\/wp\/v2\/posts\/10882\/revisions\/10901"}],"wp:featuredmedia":[{"embeddable":true,"href":"https:\/\/cdu-kempen.de\/index.php\/wp-json\/wp\/v2\/media\/10897"}],"wp:attachment":[{"href":"https:\/\/cdu-kempen.de\/index.php\/wp-json\/wp\/v2\/media?parent=10882"}],"wp:term":[{"taxonomy":"category","embeddable":true,"href":"https:\/\/cdu-kempen.de\/index.php\/wp-json\/wp\/v2\/categories?post=10882"},{"taxonomy":"post_tag","embeddable":true,"href":"https:\/\/cdu-kempen.de\/index.php\/wp-json\/wp\/v2\/tags?post=10882"}],"curies":[{"name":"wp","href":"https:\/\/api.w.org\/{rel}","templated":true}]}}