{"id":10887,"date":"2023-06-05T17:13:09","date_gmt":"2023-06-05T17:13:09","guid":{"rendered":"https:\/\/cdu-kempen.de\/?p=10887"},"modified":"2023-06-05T17:13:11","modified_gmt":"2023-06-05T17:13:11","slug":"frauen-union-skulpturenfuehrung-im-kempener-gruenguertel-mit-der-kuenstlerin-edith-stefelmanns","status":"publish","type":"post","link":"https:\/\/cdu-kempen.de\/index.php\/frauen-union-skulpturenfuehrung-im-kempener-gruenguertel-mit-der-kuenstlerin-edith-stefelmanns\/","title":{"rendered":"Frauen Union &#8211; Skulpturenf\u00fchrung im Kempener Gr\u00fcng\u00fcrtel mit der K\u00fcnstlerin Edith Stefelmanns"},"content":{"rendered":"\n<p>Die Frauen Union der CDU-Kempen hat zu einer Skulpturenf\u00fchrung im Kempener Gr\u00fcng\u00fcrtel mit der K\u00fcnstlerin Edith Stefelmanns eingeladen. Edith Stefelmanns ist selbst Teil der Kunstszene Kempens mit einem Atelier in der Altstadt. Ihre Kunstwerke findet man an vielen Orten in Kempen.<\/p>\n\n\n\n<p>Ein \u00e4u\u00dferst beeindruckendes Werk von Edith Stefelmanns ist die 2018 eingeweihte Thomas-Gedenkstele zu Ehren des in Kempen geborenen Mystikers Thomas a Kempis.<\/p>\n\n\n\n<figure class=\"wp-block-gallery has-nested-images columns-default is-cropped wp-block-gallery-1 is-layout-flex wp-block-gallery-is-layout-flex\">\n<figure class=\"wp-block-image size-large\"><img loading=\"lazy\" decoding=\"async\" width=\"1160\" height=\"1160\" data-id=\"10890\" src=\"https:\/\/cdu-kempen.de\/wp-content\/uploads\/2023\/06\/FU_Skulpturenfuehrung_2-1160x1160.jpg\" alt=\"\" class=\"wp-image-10890\" srcset=\"https:\/\/cdu-kempen.de\/wp-content\/uploads\/2023\/06\/FU_Skulpturenfuehrung_2-980x735.jpg 980w, https:\/\/cdu-kempen.de\/wp-content\/uploads\/2023\/06\/FU_Skulpturenfuehrung_2-480x360.jpg 480w\" sizes=\"(min-width: 0px) and (max-width: 480px) 480px, (min-width: 481px) and (max-width: 980px) 980px, (min-width: 981px) 1160px, 100vw\" \/><\/figure>\n<\/figure>\n\n\n\n<figure class=\"wp-block-gallery has-nested-images columns-default is-cropped wp-block-gallery-2 is-layout-flex wp-block-gallery-is-layout-flex\">\n<figure class=\"wp-block-image size-large\"><img loading=\"lazy\" decoding=\"async\" width=\"1160\" height=\"1160\" data-id=\"10891\" src=\"https:\/\/cdu-kempen.de\/wp-content\/uploads\/2023\/06\/FU_Skulpturenfuehrung_3-1160x1160.jpg\" alt=\"\" class=\"wp-image-10891\" srcset=\"https:\/\/cdu-kempen.de\/wp-content\/uploads\/2023\/06\/FU_Skulpturenfuehrung_3-980x735.jpg 980w, https:\/\/cdu-kempen.de\/wp-content\/uploads\/2023\/06\/FU_Skulpturenfuehrung_3-480x360.jpg 480w\" sizes=\"(min-width: 0px) and (max-width: 480px) 480px, (min-width: 481px) and (max-width: 980px) 980px, (min-width: 981px) 1160px, 100vw\" \/><\/figure>\n<\/figure>\n\n\n\n<figure class=\"wp-block-gallery has-nested-images columns-default is-cropped wp-block-gallery-3 is-layout-flex wp-block-gallery-is-layout-flex\">\n<figure class=\"wp-block-image size-large\"><img loading=\"lazy\" decoding=\"async\" width=\"1160\" height=\"1160\" data-id=\"10892\" src=\"https:\/\/cdu-kempen.de\/wp-content\/uploads\/2023\/06\/FU_Skulpturenfuehrung_4-1160x1160.jpg\" alt=\"\" class=\"wp-image-10892\" srcset=\"https:\/\/cdu-kempen.de\/wp-content\/uploads\/2023\/06\/FU_Skulpturenfuehrung_4-980x735.jpg 980w, https:\/\/cdu-kempen.de\/wp-content\/uploads\/2023\/06\/FU_Skulpturenfuehrung_4-480x360.jpg 480w\" sizes=\"(min-width: 0px) and (max-width: 480px) 480px, (min-width: 481px) and (max-width: 980px) 980px, (min-width: 981px) 1160px, 100vw\" \/><\/figure>\n<\/figure>\n","protected":false},"excerpt":{"rendered":"<p>Die Frauen Union der CDU-Kempen hat zu einer Skulpturenf\u00fchrung im Kempener Gr\u00fcng\u00fcrtel mit der K\u00fcnstlerin Edith Stefelmanns eingeladen. Edith Stefelmanns ist selbst Teil der Kunstszene Kempens mit einem Atelier in der Altstadt. Ihre Kunstwerke findet man an vielen Orten in Kempen. Ein \u00e4u\u00dferst beeindruckendes Werk von Edith Stefelmanns ist die 2018 eingeweihte Thomas-Gedenkstele zu Ehren [&hellip;]<\/p>\n","protected":false},"author":6,"featured_media":10888,"comment_status":"closed","ping_status":"closed","sticky":false,"template":"","format":"standard","meta":{"_et_pb_use_builder":"off","_et_pb_old_content":"<!-- wp:paragraph -->\n<p>Die Frauen Union der CDU-Kempen hat zu einer Skulpturenf\u00fchrung im Kempener Gr\u00fcng\u00fcrtel mit der K\u00fcnstlerin Edith Stefelmanns eingeladen.<\/p>\n<!-- \/wp:paragraph -->\n\n<!-- wp:paragraph -->\n<p>Edith Stefelmanns ist selbst Teil der Kunstszene Kempens mit einem Atelier in der Altstadt. Ihre Kunstwerke findet man an vielen Orten in Kempen.<\/p>\n<!-- \/wp:paragraph -->\n\n<!-- wp:paragraph -->\n<p>Ein \u00e4u\u00dferst beeindruckendes Werk von Edith Stefelmanns ist die 2018 eingeweihte Thomas-Gedenkstele zu Ehren des in Kempen geborenen Mystikers Thomas a Kempis.<\/p>\n<!-- \/wp:paragraph -->\n\n<!-- wp:paragraph -->\n<p><\/p>\n<!-- \/wp:paragraph -->","_et_gb_content_width":"","footnotes":""},"categories":[1],"tags":[],"class_list":["post-10887","post","type-post","status-publish","format-standard","has-post-thumbnail","hentry","category-uncategorized"],"_links":{"self":[{"href":"https:\/\/cdu-kempen.de\/index.php\/wp-json\/wp\/v2\/posts\/10887"}],"collection":[{"href":"https:\/\/cdu-kempen.de\/index.php\/wp-json\/wp\/v2\/posts"}],"about":[{"href":"https:\/\/cdu-kempen.de\/index.php\/wp-json\/wp\/v2\/types\/post"}],"author":[{"embeddable":true,"href":"https:\/\/cdu-kempen.de\/index.php\/wp-json\/wp\/v2\/users\/6"}],"replies":[{"embeddable":true,"href":"https:\/\/cdu-kempen.de\/index.php\/wp-json\/wp\/v2\/comments?post=10887"}],"version-history":[{"count":2,"href":"https:\/\/cdu-kempen.de\/index.php\/wp-json\/wp\/v2\/posts\/10887\/revisions"}],"predecessor-version":[{"id":10893,"href":"https:\/\/cdu-kempen.de\/index.php\/wp-json\/wp\/v2\/posts\/10887\/revisions\/10893"}],"wp:featuredmedia":[{"embeddable":true,"href":"https:\/\/cdu-kempen.de\/index.php\/wp-json\/wp\/v2\/media\/10888"}],"wp:attachment":[{"href":"https:\/\/cdu-kempen.de\/index.php\/wp-json\/wp\/v2\/media?parent=10887"}],"wp:term":[{"taxonomy":"category","embeddable":true,"href":"https:\/\/cdu-kempen.de\/index.php\/wp-json\/wp\/v2\/categories?post=10887"},{"taxonomy":"post_tag","embeddable":true,"href":"https:\/\/cdu-kempen.de\/index.php\/wp-json\/wp\/v2\/tags?post=10887"}],"curies":[{"name":"wp","href":"https:\/\/api.w.org\/{rel}","templated":true}]}}