{"id":10917,"date":"2023-07-03T20:50:08","date_gmt":"2023-07-03T20:50:08","guid":{"rendered":"https:\/\/cdu-kempen.de\/?p=10917"},"modified":"2023-07-03T21:23:24","modified_gmt":"2023-07-03T21:23:24","slug":"herbert-reul-zu-gast-im-kempen","status":"publish","type":"post","link":"https:\/\/cdu-kempen.de\/index.php\/herbert-reul-zu-gast-im-kempen\/","title":{"rendered":"Herbert Reul zu Gast in Kempen"},"content":{"rendered":"\n<p>Der Saal im Kempener Kolpinghaus war bis auf den letzten Platz besetzt als Kempens CDU-Vorsitzender Carsten H\u00f6ner den Innenminister des Landes Nordrhein-Westfalen, Herbert Reul, ank\u00fcndigte. Dieser war auf Einladung des CDU-Stadtverbandes Kempen ins Kolpinghaus gekommen. Thema des Abend war die innere Sicherheit, welche nach den Ausf\u00fchrungen von Herbert Reul nicht zum Nulltarif zu haben sei.<\/p>\n\n\n\n<p>Die zahlreichen Zuh\u00f6rer, \u00fcberwiegend nicht Mitglieder der CDU, die teilweise mangels Sitzpl\u00e4tzen im Saal hinten die Stehtische bev\u00f6lkerten und auch an den W\u00e4nden lehnten, hatten trotz des ernsten Themas durchaus Gelegenheit, auch mal zu schmunzeln. <\/p>\n\n\n\n<p>NRW-Innenminister Herbert Reul betonte in seinen Ausf\u00fchrungen, wie wichtig die Bek\u00e4mpfung der Kriminalit\u00e4t f\u00fcr den Zusammenhalt in der Gesellschaft ist.<\/p>\n\n\n\n<p>Zum Ende seines Besuchs in Kempen gab es f\u00fcr Herbert Reul viel Applaus. Als Dank \u00fcbereichte Carsten H\u00f6ner ihm zum Abschied nicht nur einen Thomasbitter, Kaffee und Pralinen aus Kempen, sondern auch eine Sonderausgabe der \u201eNachfolge Christi\u201c von Thomas a Kempis.<\/p>\n\n\n\n<figure class=\"wp-block-gallery has-nested-images columns-default is-cropped wp-block-gallery-1 is-layout-flex wp-block-gallery-is-layout-flex\">\n<figure class=\"wp-block-image size-large\"><img loading=\"lazy\" decoding=\"async\" width=\"2560\" height=\"2219\" data-id=\"10922\" src=\"https:\/\/cdu-kempen.de\/wp-content\/uploads\/2023\/07\/Reul-20230629-scaled.jpg\" alt=\"\" class=\"wp-image-10922\" srcset=\"https:\/\/cdu-kempen.de\/wp-content\/uploads\/2023\/07\/Reul-20230629-scaled.jpg 2560w, https:\/\/cdu-kempen.de\/wp-content\/uploads\/2023\/07\/Reul-20230629-1280x1110.jpg 1280w, https:\/\/cdu-kempen.de\/wp-content\/uploads\/2023\/07\/Reul-20230629-980x849.jpg 980w, https:\/\/cdu-kempen.de\/wp-content\/uploads\/2023\/07\/Reul-20230629-480x416.jpg 480w\" sizes=\"(min-width: 0px) and (max-width: 480px) 480px, (min-width: 481px) and (max-width: 980px) 980px, (min-width: 981px) and (max-width: 1280px) 1280px, (min-width: 1281px) 2560px, 100vw\" \/><\/figure>\n\n\n\n<figure class=\"wp-block-image size-large\"><img loading=\"lazy\" decoding=\"async\" width=\"2560\" height=\"1920\" data-id=\"10923\" src=\"https:\/\/cdu-kempen.de\/wp-content\/uploads\/2023\/07\/20230629_183211-scaled.jpg\" alt=\"\" class=\"wp-image-10923\" srcset=\"https:\/\/cdu-kempen.de\/wp-content\/uploads\/2023\/07\/20230629_183211-scaled.jpg 2560w, https:\/\/cdu-kempen.de\/wp-content\/uploads\/2023\/07\/20230629_183211-1280x960.jpg 1280w, https:\/\/cdu-kempen.de\/wp-content\/uploads\/2023\/07\/20230629_183211-980x735.jpg 980w, https:\/\/cdu-kempen.de\/wp-content\/uploads\/2023\/07\/20230629_183211-480x360.jpg 480w\" sizes=\"(min-width: 0px) and (max-width: 480px) 480px, (min-width: 481px) and (max-width: 980px) 980px, (min-width: 981px) and (max-width: 1280px) 1280px, (min-width: 1281px) 2560px, 100vw\" \/><\/figure>\n\n\n\n<figure class=\"wp-block-image size-large\"><img loading=\"lazy\" decoding=\"async\" width=\"1920\" height=\"2560\" data-id=\"10924\" src=\"https:\/\/cdu-kempen.de\/wp-content\/uploads\/2023\/07\/20230629_183634-scaled.jpg\" alt=\"\" class=\"wp-image-10924\" srcset=\"https:\/\/cdu-kempen.de\/wp-content\/uploads\/2023\/07\/20230629_183634-scaled.jpg 1920w, https:\/\/cdu-kempen.de\/wp-content\/uploads\/2023\/07\/20230629_183634-1280x1707.jpg 1280w, https:\/\/cdu-kempen.de\/wp-content\/uploads\/2023\/07\/20230629_183634-980x1307.jpg 980w, https:\/\/cdu-kempen.de\/wp-content\/uploads\/2023\/07\/20230629_183634-480x640.jpg 480w\" sizes=\"(min-width: 0px) and (max-width: 480px) 480px, (min-width: 481px) and (max-width: 980px) 980px, (min-width: 981px) and (max-width: 1280px) 1280px, (min-width: 1281px) 1920px, 100vw\" \/><\/figure>\n\n\n\n<figure class=\"wp-block-image size-large\"><img loading=\"lazy\" decoding=\"async\" width=\"1707\" height=\"2560\" data-id=\"10929\" src=\"https:\/\/cdu-kempen.de\/wp-content\/uploads\/2023\/07\/IMG_8078-scaled.jpg\" alt=\"\" class=\"wp-image-10929\" srcset=\"https:\/\/cdu-kempen.de\/wp-content\/uploads\/2023\/07\/IMG_8078-scaled.jpg 1707w, https:\/\/cdu-kempen.de\/wp-content\/uploads\/2023\/07\/IMG_8078-1280x1920.jpg 1280w, https:\/\/cdu-kempen.de\/wp-content\/uploads\/2023\/07\/IMG_8078-980x1470.jpg 980w, https:\/\/cdu-kempen.de\/wp-content\/uploads\/2023\/07\/IMG_8078-480x720.jpg 480w\" sizes=\"(min-width: 0px) and (max-width: 480px) 480px, (min-width: 481px) and (max-width: 980px) 980px, (min-width: 981px) and (max-width: 1280px) 1280px, (min-width: 1281px) 1707px, 100vw\" \/><\/figure>\n\n\n\n<figure class=\"wp-block-image size-large\"><img loading=\"lazy\" decoding=\"async\" width=\"1707\" height=\"2560\" data-id=\"10932\" src=\"https:\/\/cdu-kempen.de\/wp-content\/uploads\/2023\/07\/IMG_8307-scaled.jpg\" alt=\"\" class=\"wp-image-10932\" srcset=\"https:\/\/cdu-kempen.de\/wp-content\/uploads\/2023\/07\/IMG_8307-scaled.jpg 1707w, https:\/\/cdu-kempen.de\/wp-content\/uploads\/2023\/07\/IMG_8307-1280x1920.jpg 1280w, https:\/\/cdu-kempen.de\/wp-content\/uploads\/2023\/07\/IMG_8307-980x1470.jpg 980w, https:\/\/cdu-kempen.de\/wp-content\/uploads\/2023\/07\/IMG_8307-480x720.jpg 480w\" sizes=\"(min-width: 0px) and (max-width: 480px) 480px, (min-width: 481px) and (max-width: 980px) 980px, (min-width: 981px) and (max-width: 1280px) 1280px, (min-width: 1281px) 1707px, 100vw\" \/><\/figure>\n\n\n\n<figure class=\"wp-block-image size-large\"><img loading=\"lazy\" decoding=\"async\" width=\"2560\" height=\"1920\" data-id=\"10925\" src=\"https:\/\/cdu-kempen.de\/wp-content\/uploads\/2023\/07\/20230629_193204-scaled.jpg\" alt=\"\" class=\"wp-image-10925\" srcset=\"https:\/\/cdu-kempen.de\/wp-content\/uploads\/2023\/07\/20230629_193204-scaled.jpg 2560w, https:\/\/cdu-kempen.de\/wp-content\/uploads\/2023\/07\/20230629_193204-1280x960.jpg 1280w, https:\/\/cdu-kempen.de\/wp-content\/uploads\/2023\/07\/20230629_193204-980x735.jpg 980w, https:\/\/cdu-kempen.de\/wp-content\/uploads\/2023\/07\/20230629_193204-480x360.jpg 480w\" sizes=\"(min-width: 0px) and (max-width: 480px) 480px, (min-width: 481px) and (max-width: 980px) 980px, (min-width: 981px) and (max-width: 1280px) 1280px, (min-width: 1281px) 2560px, 100vw\" \/><\/figure>\n\n\n\n<figure class=\"wp-block-image size-large\"><img loading=\"lazy\" decoding=\"async\" width=\"2560\" height=\"1707\" data-id=\"10934\" src=\"https:\/\/cdu-kempen.de\/wp-content\/uploads\/2023\/07\/IMG_8396-scaled.jpg\" alt=\"\" class=\"wp-image-10934\" srcset=\"https:\/\/cdu-kempen.de\/wp-content\/uploads\/2023\/07\/IMG_8396-scaled.jpg 2560w, https:\/\/cdu-kempen.de\/wp-content\/uploads\/2023\/07\/IMG_8396-1280x854.jpg 1280w, https:\/\/cdu-kempen.de\/wp-content\/uploads\/2023\/07\/IMG_8396-980x653.jpg 980w, https:\/\/cdu-kempen.de\/wp-content\/uploads\/2023\/07\/IMG_8396-480x320.jpg 480w\" sizes=\"(min-width: 0px) and (max-width: 480px) 480px, (min-width: 481px) and (max-width: 980px) 980px, (min-width: 981px) and (max-width: 1280px) 1280px, (min-width: 1281px) 2560px, 100vw\" \/><\/figure>\n<\/figure>\n\n\n\n<p><\/p>\n\n\n\n<p><a href=\"https:\/\/www.wz.de\/nrw\/kreis-viersen\/kempen-und-grefrath\/innnere-sicherheit_aid-92984777\">https:\/\/www.wz.de\/nrw\/kreis-viersen\/kempen-und-grefrath\/innnere-sicherheit_aid-92984777<\/a><\/p>\n\n\n\n<p><a href=\"https:\/\/rp-online.de\/nrw\/staedte\/kempen\/kempen-volles-kolpinghaus-bei-besuch-von-nrw-innenminister-herbert-reul_aid-92988991\">https:\/\/rp-online.de\/nrw\/staedte\/kempen\/kempen-volles-kolpinghaus-bei-besuch-von-nrw-innenminister-herbert-reul_aid-92988991<\/a><\/p>\n","protected":false},"excerpt":{"rendered":"<p>Der Saal im Kempener Kolpinghaus war bis auf den letzten Platz besetzt als Kempens CDU-Vorsitzender Carsten H\u00f6ner den Innenminister des Landes Nordrhein-Westfalen, Herbert Reul, ank\u00fcndigte. Dieser war auf Einladung des CDU-Stadtverbandes Kempen ins Kolpinghaus gekommen. Thema des Abend war die innere Sicherheit, welche nach den Ausf\u00fchrungen von Herbert Reul nicht zum Nulltarif zu haben sei. [&hellip;]<\/p>\n","protected":false},"author":5,"featured_media":10930,"comment_status":"closed","ping_status":"closed","sticky":false,"template":"","format":"standard","meta":{"_et_pb_use_builder":"off","_et_pb_old_content":"<!-- wp:paragraph -->\n<p>Der Saal im Kempener Kolpinghaus war bis auf den letzten Platz besetzt als Kempens CDU-Vorsitzender Carsten H\u00f6ner den Innenminister des Landes Nordrhein-Westfalen, Herbert Reul, ank\u00fcndigte. Dieser war auf Einladung des CDU-Stadtverbandes Kempen ins Kolpinghaus gekommen. Thema des Abend war die innere Sicherheit, welche nach den Ausf\u00fchrungen von Herbert Reul nicht zum Nulltarif zu haben sei.<\/p>\n<!-- \/wp:paragraph -->\n\n<!-- wp:paragraph -->\n<p>Die zahlreichen Zuh\u00f6rer, \u00fcberwiegend nicht Mitglieder der CDU, die teilweise mangels Sitzpl\u00e4tzen im Saal hinten die Stehtische bev\u00f6lkerten und auch an den W\u00e4nden lehnten, hatten trotz des ernsten Themas durchaus Gelegenheit, auch mal zu schmunzeln. <\/p>\n<!-- \/wp:paragraph -->\n\n<!-- wp:paragraph -->\n<p>NRW-Innenminister Herbert Reul betonte in seinen Ausf\u00fchrungen, wie wichtig die Bek\u00e4mpfung der Kriminalit\u00e4t f\u00fcr den Zusammenhalt in der Gesellschaft ist.<\/p>\n<!-- \/wp:paragraph -->\n\n<!-- wp:paragraph -->\n<p>Zum Ende seines Besuchs in Kempen gab es f\u00fcr Herbert Reul viel Applaus. Als Dank \u00fcbereichte Carsten H\u00f6ner ihm zum Abschied nicht nur einen Thomasbitter, Kaffee und Pralinen aus Kempen, sondern auch eine Sonderausgabe der \u201eNachfolge Christi\u201c von Thomas a Kempis.<\/p>\n<!-- \/wp:paragraph -->\n\n<!-- wp:gallery {\"linkTo\":\"none\"} -->\n<figure class=\"wp-block-gallery has-nested-images columns-default is-cropped\"><!-- wp:image {\"id\":10922,\"sizeSlug\":\"large\",\"linkDestination\":\"none\"} -->\n<figure class=\"wp-block-image size-large\"><img src=\"https:\/\/cdu-kempen.de\/wp-content\/uploads\/2023\/07\/Reul-20230629-scaled.jpg\" alt=\"\" class=\"wp-image-10922\"\/><\/figure>\n<!-- \/wp:image -->\n\n<!-- wp:image {\"id\":10923,\"sizeSlug\":\"large\",\"linkDestination\":\"none\"} -->\n<figure class=\"wp-block-image size-large\"><img src=\"https:\/\/cdu-kempen.de\/wp-content\/uploads\/2023\/07\/20230629_183211-scaled.jpg\" alt=\"\" class=\"wp-image-10923\"\/><\/figure>\n<!-- \/wp:image -->\n\n<!-- wp:image {\"id\":10924,\"sizeSlug\":\"large\",\"linkDestination\":\"none\"} -->\n<figure class=\"wp-block-image size-large\"><img src=\"https:\/\/cdu-kempen.de\/wp-content\/uploads\/2023\/07\/20230629_183634-scaled.jpg\" alt=\"\" class=\"wp-image-10924\"\/><\/figure>\n<!-- \/wp:image -->\n\n<!-- wp:image {\"id\":10929,\"sizeSlug\":\"large\",\"linkDestination\":\"none\"} -->\n<figure class=\"wp-block-image size-large\"><img src=\"https:\/\/cdu-kempen.de\/wp-content\/uploads\/2023\/07\/IMG_8078-scaled.jpg\" alt=\"\" class=\"wp-image-10929\"\/><\/figure>\n<!-- \/wp:image -->\n\n<!-- wp:image {\"id\":10932,\"sizeSlug\":\"large\",\"linkDestination\":\"none\"} -->\n<figure class=\"wp-block-image size-large\"><img src=\"https:\/\/cdu-kempen.de\/wp-content\/uploads\/2023\/07\/IMG_8307-scaled.jpg\" alt=\"\" class=\"wp-image-10932\"\/><\/figure>\n<!-- \/wp:image -->\n\n<!-- wp:image {\"id\":10925,\"sizeSlug\":\"large\",\"linkDestination\":\"none\"} -->\n<figure class=\"wp-block-image size-large\"><img src=\"https:\/\/cdu-kempen.de\/wp-content\/uploads\/2023\/07\/20230629_193204-scaled.jpg\" alt=\"\" class=\"wp-image-10925\"\/><\/figure>\n<!-- \/wp:image -->\n\n<!-- wp:image {\"id\":10934,\"sizeSlug\":\"large\",\"linkDestination\":\"none\"} -->\n<figure class=\"wp-block-image size-large\"><img src=\"https:\/\/cdu-kempen.de\/wp-content\/uploads\/2023\/07\/IMG_8396-scaled.jpg\" alt=\"\" class=\"wp-image-10934\"\/><\/figure>\n<!-- \/wp:image --><\/figure>\n<!-- \/wp:gallery -->\n\n<!-- wp:gallery {\"linkTo\":\"none\"} -->\n<figure class=\"wp-block-gallery has-nested-images columns-default is-cropped\"><\/figure>\n<!-- \/wp:gallery -->\n\n<!-- wp:gallery {\"linkTo\":\"none\"} -->\n<figure class=\"wp-block-gallery has-nested-images columns-default is-cropped\"><\/figure>\n<!-- \/wp:gallery -->\n\n<!-- wp:gallery {\"linkTo\":\"none\"} -->\n<figure class=\"wp-block-gallery has-nested-images columns-default is-cropped\"><\/figure>\n<!-- \/wp:gallery -->\n\n<!-- wp:gallery {\"linkTo\":\"none\"} -->\n<figure class=\"wp-block-gallery has-nested-images columns-default is-cropped\"><\/figure>\n<!-- \/wp:gallery -->","_et_gb_content_width":"","footnotes":""},"categories":[1],"tags":[],"class_list":["post-10917","post","type-post","status-publish","format-standard","has-post-thumbnail","hentry","category-uncategorized"],"_links":{"self":[{"href":"https:\/\/cdu-kempen.de\/index.php\/wp-json\/wp\/v2\/posts\/10917"}],"collection":[{"href":"https:\/\/cdu-kempen.de\/index.php\/wp-json\/wp\/v2\/posts"}],"about":[{"href":"https:\/\/cdu-kempen.de\/index.php\/wp-json\/wp\/v2\/types\/post"}],"author":[{"embeddable":true,"href":"https:\/\/cdu-kempen.de\/index.php\/wp-json\/wp\/v2\/users\/5"}],"replies":[{"embeddable":true,"href":"https:\/\/cdu-kempen.de\/index.php\/wp-json\/wp\/v2\/comments?post=10917"}],"version-history":[{"count":12,"href":"https:\/\/cdu-kempen.de\/index.php\/wp-json\/wp\/v2\/posts\/10917\/revisions"}],"predecessor-version":[{"id":10940,"href":"https:\/\/cdu-kempen.de\/index.php\/wp-json\/wp\/v2\/posts\/10917\/revisions\/10940"}],"wp:featuredmedia":[{"embeddable":true,"href":"https:\/\/cdu-kempen.de\/index.php\/wp-json\/wp\/v2\/media\/10930"}],"wp:attachment":[{"href":"https:\/\/cdu-kempen.de\/index.php\/wp-json\/wp\/v2\/media?parent=10917"}],"wp:term":[{"taxonomy":"category","embeddable":true,"href":"https:\/\/cdu-kempen.de\/index.php\/wp-json\/wp\/v2\/categories?post=10917"},{"taxonomy":"post_tag","embeddable":true,"href":"https:\/\/cdu-kempen.de\/index.php\/wp-json\/wp\/v2\/tags?post=10917"}],"curies":[{"name":"wp","href":"https:\/\/api.w.org\/{rel}","templated":true}]}}