{"id":10943,"date":"2023-07-05T15:37:12","date_gmt":"2023-07-05T15:37:12","guid":{"rendered":"https:\/\/cdu-kempen.de\/?p=10943"},"modified":"2023-07-05T15:46:25","modified_gmt":"2023-07-05T15:46:25","slug":"bund-foerdert-fahrradparkhaus-am-kempener-bahnhof","status":"publish","type":"post","link":"https:\/\/cdu-kempen.de\/index.php\/bund-foerdert-fahrradparkhaus-am-kempener-bahnhof\/","title":{"rendered":"Bund f\u00f6rdert Fahrradparkhaus am Kempener Bahnhof"},"content":{"rendered":"\n<p>Kempen darf sich \u00fcber eine Bundesf\u00f6rderung f\u00fcr ein (modulares) Fahrradparkhaus am Bahnhof Kempen freuen. Dies berichtet der direkt gew\u00e4hlte Bundestagsabgeordnete f\u00fcr den Kreis Viersen, Martin Plum (CDU). <\/p>\n\n\n\n<p>Im Rahmen des &#8222;F\u00f6rderprogramms Fahrradparkh\u00e4user an Bahnh\u00f6fen&#8220; ist f\u00fcr dieses Projekt eine F\u00f6rderung in H\u00f6hen von 1.035.300,00 Euro vorgesehen. Das Kempener Fahrradparkhaus ist damit eines von nur 37 Projekten, das aus insgesamt 170 Bewerbungen ausgew\u00e4hlt wurde. Ein wichtiger Beitrag f\u00fcr mehr klimaneutrale Mobilit\u00e4t.<\/p>\n\n\n\n<p>Hier die vollst\u00e4ndige Pressemitteilung hierzu:<\/p>\n\n\n\n<p><a href=\"https:\/\/cdu-kempen.de\/wp-content\/uploads\/2023\/07\/2023-07-05-Pressemitteilung-Bundesfo\u0308rderung-Fahrradparkhaus-Kempen.pdf\" target=\"_blank\" rel=\"noreferrer noopener\">https:\/\/cdu-kempen.de\/wp-content\/uploads\/2023\/07\/2023-07-05-Pressemitteilung-Bundesfo\u0308rderung-Fahrradparkhaus-Kempen.pdf<\/a><\/p>\n","protected":false},"excerpt":{"rendered":"<p>Kempen darf sich \u00fcber eine Bundesf\u00f6rderung f\u00fcr ein (modulares) Fahrradparkhaus am Bahnhof Kempen freuen. Dies berichtet der direkt gew\u00e4hlte Bundestagsabgeordnete f\u00fcr den Kreis Viersen, Martin Plum (CDU). Im Rahmen des &#8222;F\u00f6rderprogramms Fahrradparkh\u00e4user an Bahnh\u00f6fen&#8220; ist f\u00fcr dieses Projekt eine F\u00f6rderung in H\u00f6hen von 1.035.300,00 Euro vorgesehen. Das Kempener Fahrradparkhaus ist damit eines von nur 37 [&hellip;]<\/p>\n","protected":false},"author":5,"featured_media":7956,"comment_status":"closed","ping_status":"closed","sticky":false,"template":"","format":"standard","meta":{"_et_pb_use_builder":"off","_et_pb_old_content":"","_et_gb_content_width":"","footnotes":""},"categories":[1],"tags":[],"class_list":["post-10943","post","type-post","status-publish","format-standard","has-post-thumbnail","hentry","category-uncategorized"],"_links":{"self":[{"href":"https:\/\/cdu-kempen.de\/index.php\/wp-json\/wp\/v2\/posts\/10943"}],"collection":[{"href":"https:\/\/cdu-kempen.de\/index.php\/wp-json\/wp\/v2\/posts"}],"about":[{"href":"https:\/\/cdu-kempen.de\/index.php\/wp-json\/wp\/v2\/types\/post"}],"author":[{"embeddable":true,"href":"https:\/\/cdu-kempen.de\/index.php\/wp-json\/wp\/v2\/users\/5"}],"replies":[{"embeddable":true,"href":"https:\/\/cdu-kempen.de\/index.php\/wp-json\/wp\/v2\/comments?post=10943"}],"version-history":[{"count":8,"href":"https:\/\/cdu-kempen.de\/index.php\/wp-json\/wp\/v2\/posts\/10943\/revisions"}],"predecessor-version":[{"id":10953,"href":"https:\/\/cdu-kempen.de\/index.php\/wp-json\/wp\/v2\/posts\/10943\/revisions\/10953"}],"wp:featuredmedia":[{"embeddable":true,"href":"https:\/\/cdu-kempen.de\/index.php\/wp-json\/wp\/v2\/media\/7956"}],"wp:attachment":[{"href":"https:\/\/cdu-kempen.de\/index.php\/wp-json\/wp\/v2\/media?parent=10943"}],"wp:term":[{"taxonomy":"category","embeddable":true,"href":"https:\/\/cdu-kempen.de\/index.php\/wp-json\/wp\/v2\/categories?post=10943"},{"taxonomy":"post_tag","embeddable":true,"href":"https:\/\/cdu-kempen.de\/index.php\/wp-json\/wp\/v2\/tags?post=10943"}],"curies":[{"name":"wp","href":"https:\/\/api.w.org\/{rel}","templated":true}]}}