{"id":10984,"date":"2023-07-22T12:01:22","date_gmt":"2023-07-22T12:01:22","guid":{"rendered":"https:\/\/cdu-kempen.de\/?p=10984"},"modified":"2023-07-22T12:01:24","modified_gmt":"2023-07-22T12:01:24","slug":"einladung-zum-dorfrundgang-durch-toenisberg-2","status":"publish","type":"post","link":"https:\/\/cdu-kempen.de\/index.php\/einladung-zum-dorfrundgang-durch-toenisberg-2\/","title":{"rendered":"Einladung zum Dorfrundgang durch T\u00f6nisberg"},"content":{"rendered":"\n<p>In vielen Gespr\u00e4chen geht es immer wieder um die aktuelle und k\u00fcnftige Entwicklung unseres Heimatdorfes, welche unserem Ortsausschuss sehr am Herzen liegt. Wir m\u00f6chten einen Rahmen schaffen, um mit Ihnen, den B\u00fcrgerinnen und B\u00fcrgern, vor Ort zu sprechen, aktuelle Entwicklungen aufzuzeigen sowie Fragen zu beantworten und Anregungen mitzunehmen.<\/p>\n\n\n\n<p>Dazu m\u00f6chten wir mit Ihnen in einem kurzweiligen Dorfrundgang durch T\u00f6nisberg aktuelle Entwicklungspunkte anlaufen, wie u.a. Grundschule \/ KiTa, Erweiterung Gewerbegebiet, Erweiterung Wohnbebauung, Neubau Feuerwehrger\u00e4tehaus.<\/p>\n\n\n\n<p>Wir laden Sie herzlich zu diesem Dorfrundgang ein am<\/p>\n\n\n\n<p class=\"has-text-align-center\"><strong>Donnerstag, 10. August 2023 um 19:00 Uhr<br>Treffpunkt: Haus Baaken, Vluyner Stra\u00dfe 1<\/strong><\/p>\n\n\n\n<p>Moderiert wird die Veranstaltung durch den direkt gew\u00e4hlten Ratsvertreter f\u00fcr T\u00f6nisberg, Maximilian Thelen, sowie den Mitgliedern des CDU Ortsausschusses T\u00f6nisberg und der CDU-Stadtratsfraktion.<\/p>\n\n\n\n<p>Wir freuen uns \u00fcber Ihre Teilnahme und gute Gespr\u00e4che.<\/p>\n","protected":false},"excerpt":{"rendered":"<p>In vielen Gespr\u00e4chen geht es immer wieder um die aktuelle und k\u00fcnftige Entwicklung unseres Heimatdorfes, welche unserem Ortsausschuss sehr am Herzen liegt. Wir m\u00f6chten einen Rahmen schaffen, um mit Ihnen, den B\u00fcrgerinnen und B\u00fcrgern, vor Ort zu sprechen, aktuelle Entwicklungen aufzuzeigen sowie Fragen zu beantworten und Anregungen mitzunehmen. Dazu m\u00f6chten wir mit Ihnen in einem [&hellip;]<\/p>\n","protected":false},"author":5,"featured_media":10139,"comment_status":"closed","ping_status":"closed","sticky":false,"template":"","format":"standard","meta":{"_et_pb_use_builder":"off","_et_pb_old_content":"","_et_gb_content_width":"","footnotes":""},"categories":[1],"tags":[],"class_list":["post-10984","post","type-post","status-publish","format-standard","has-post-thumbnail","hentry","category-uncategorized"],"_links":{"self":[{"href":"https:\/\/cdu-kempen.de\/index.php\/wp-json\/wp\/v2\/posts\/10984"}],"collection":[{"href":"https:\/\/cdu-kempen.de\/index.php\/wp-json\/wp\/v2\/posts"}],"about":[{"href":"https:\/\/cdu-kempen.de\/index.php\/wp-json\/wp\/v2\/types\/post"}],"author":[{"embeddable":true,"href":"https:\/\/cdu-kempen.de\/index.php\/wp-json\/wp\/v2\/users\/5"}],"replies":[{"embeddable":true,"href":"https:\/\/cdu-kempen.de\/index.php\/wp-json\/wp\/v2\/comments?post=10984"}],"version-history":[{"count":7,"href":"https:\/\/cdu-kempen.de\/index.php\/wp-json\/wp\/v2\/posts\/10984\/revisions"}],"predecessor-version":[{"id":10991,"href":"https:\/\/cdu-kempen.de\/index.php\/wp-json\/wp\/v2\/posts\/10984\/revisions\/10991"}],"wp:featuredmedia":[{"embeddable":true,"href":"https:\/\/cdu-kempen.de\/index.php\/wp-json\/wp\/v2\/media\/10139"}],"wp:attachment":[{"href":"https:\/\/cdu-kempen.de\/index.php\/wp-json\/wp\/v2\/media?parent=10984"}],"wp:term":[{"taxonomy":"category","embeddable":true,"href":"https:\/\/cdu-kempen.de\/index.php\/wp-json\/wp\/v2\/categories?post=10984"},{"taxonomy":"post_tag","embeddable":true,"href":"https:\/\/cdu-kempen.de\/index.php\/wp-json\/wp\/v2\/tags?post=10984"}],"curies":[{"name":"wp","href":"https:\/\/api.w.org\/{rel}","templated":true}]}}