{"id":11018,"date":"2023-08-03T14:03:53","date_gmt":"2023-08-03T14:03:53","guid":{"rendered":"https:\/\/cdu-kempen.de\/?p=11018"},"modified":"2023-08-03T20:33:55","modified_gmt":"2023-08-03T20:33:55","slug":"cdu-kempen-trauert-um-karola-vogel","status":"publish","type":"post","link":"https:\/\/cdu-kempen.de\/index.php\/cdu-kempen-trauert-um-karola-vogel\/","title":{"rendered":"CDU Kempen trauert um Karola Vogel"},"content":{"rendered":"\n<p>In tiefer Trauer nehmen der CDU-Stadtverband Kempen und die CDU-Fraktion im Rat der Stadt Kempen Abschied von<\/p>\n\n\n\n<p><strong>Karola Vogel<\/strong> die im Alter von 80 Jahren verstorben ist.<\/p>\n\n\n\n<p>Karola Vogel war \u00fcber Jahrzehnte f\u00fcr die CDU aktiv, u.a. von 1993 bis 2006 als Vorsitzendende des CDU-Stadtverbandes. Von 1989 bis 2009 war Karola Vogel Mitglied des Rates der Stadt Kempen.<\/p>\n\n\n\n<p>Sie war in diesen 20 Jahren in vielen Aussch\u00fcssen t\u00e4tig, unter anderem als Vorsitzende des Jugendhilfeausschusses und des Personalausschusses. Aufgrund ihrer verbindlichen Art und ihrer F\u00e4higkeit \u201eBr\u00fccken zu bauen\u201c, genoss Karola Vogel auch beim politischen Gegner Achtung und Respekt. In dieser langen Zeit engagierte sie sich mit bewundernswertem Einsatz f\u00fcr die B\u00fcrgerinnen und B\u00fcrger unserer Stadt.<\/p>\n\n\n\n<p>&nbsp;Als \u201eBergerin\u201c hatte sie nicht nur T\u00f6nisberg im Blick, sondern immer die ganze Stadt Kempen mit allen Ortsteilen.<\/p>\n\n\n\n<p>Auch nach ihrem Ausscheiden aus dem Rat im Jahre 2009 setzte sie sich noch mehr als 10 Jahre als Sachkundige B\u00fcrgerin f\u00fcr die Belange der Kempener B\u00fcrgerinnen und B\u00fcrger ein.<\/p>\n\n\n\n<p>Die vielen Jahre als Vorsitzende des CDU-Stadtverbandes Kempen haben die Arbeit und das Bild der CDU in Kempen mitgepr\u00e4gt. &nbsp;In ihre erste Zeit als Vorsitzende fiel die \u00c4nderung der Kommunalverfassung, die die bisher f\u00fcr Kempen so erfolgreiche kommunale Doppelspitze von B\u00fcrgermeister und Stadtdirektor abschaffte.<\/p>\n\n\n\n<p>Bis zuletzt war Karola Vogel noch Vorsitzende der Kempener Senioren Union und hat viele Jahre ihres Lebens in den Dienst der CDU gestellt. Bei allem, was Karola Vogel gemacht hat, ist sie sich immer selbst treu geblieben.<\/p>\n\n\n\n<p>Mit Karola Vogel verlieren wir eine engagierte und verdienstvolle B\u00fcrgerin, die sich bei ihrer Familie, Freunden, Bekannten und den B\u00fcrgerinnen und B\u00fcrgern gro\u00dfer Beliebtheit und Achtung erfreuen durfte.<\/p>\n\n\n\n<p>Die CDU-Kempen trauert mit der Familie und wird ihr stets ein ehrendes Andenken bewahren.<\/p>\n\n\n\n<p><\/p>\n\n\n\n<p>Kempen, im August 2023<\/p>\n\n\n\n<p>Carsten H\u00f6ner, Vorsitzender CDU-Stadtverband\u00a0 &amp; \u00a0\u00a0<\/p>\n\n\n\n<p>Jochen Herbst, Vorsitzender der CDU-Fraktion<\/p>\n\n\n\n<p><\/p>\n","protected":false},"excerpt":{"rendered":"<p>In tiefer Trauer nehmen der CDU-Stadtverband Kempen und die CDU-Fraktion im Rat der Stadt Kempen Abschied von Karola Vogel die im Alter von 80 Jahren verstorben ist. Karola Vogel war \u00fcber Jahrzehnte f\u00fcr die CDU aktiv, u.a. von 1993 bis 2006 als Vorsitzendende des CDU-Stadtverbandes. Von 1989 bis 2009 war Karola Vogel Mitglied des Rates [&hellip;]<\/p>\n","protected":false},"author":6,"featured_media":11020,"comment_status":"closed","ping_status":"closed","sticky":false,"template":"","format":"standard","meta":{"_et_pb_use_builder":"off","_et_pb_old_content":"","_et_gb_content_width":"","footnotes":""},"categories":[1],"tags":[],"class_list":["post-11018","post","type-post","status-publish","format-standard","has-post-thumbnail","hentry","category-uncategorized"],"_links":{"self":[{"href":"https:\/\/cdu-kempen.de\/index.php\/wp-json\/wp\/v2\/posts\/11018"}],"collection":[{"href":"https:\/\/cdu-kempen.de\/index.php\/wp-json\/wp\/v2\/posts"}],"about":[{"href":"https:\/\/cdu-kempen.de\/index.php\/wp-json\/wp\/v2\/types\/post"}],"author":[{"embeddable":true,"href":"https:\/\/cdu-kempen.de\/index.php\/wp-json\/wp\/v2\/users\/6"}],"replies":[{"embeddable":true,"href":"https:\/\/cdu-kempen.de\/index.php\/wp-json\/wp\/v2\/comments?post=11018"}],"version-history":[{"count":10,"href":"https:\/\/cdu-kempen.de\/index.php\/wp-json\/wp\/v2\/posts\/11018\/revisions"}],"predecessor-version":[{"id":11039,"href":"https:\/\/cdu-kempen.de\/index.php\/wp-json\/wp\/v2\/posts\/11018\/revisions\/11039"}],"wp:featuredmedia":[{"embeddable":true,"href":"https:\/\/cdu-kempen.de\/index.php\/wp-json\/wp\/v2\/media\/11020"}],"wp:attachment":[{"href":"https:\/\/cdu-kempen.de\/index.php\/wp-json\/wp\/v2\/media?parent=11018"}],"wp:term":[{"taxonomy":"category","embeddable":true,"href":"https:\/\/cdu-kempen.de\/index.php\/wp-json\/wp\/v2\/categories?post=11018"},{"taxonomy":"post_tag","embeddable":true,"href":"https:\/\/cdu-kempen.de\/index.php\/wp-json\/wp\/v2\/tags?post=11018"}],"curies":[{"name":"wp","href":"https:\/\/api.w.org\/{rel}","templated":true}]}}