{"id":11072,"date":"2023-09-02T09:15:27","date_gmt":"2023-09-02T09:15:27","guid":{"rendered":"https:\/\/cdu-kempen.de\/?p=11072"},"modified":"2023-09-02T09:28:10","modified_gmt":"2023-09-02T09:28:10","slug":"neuer-vorstand-der-frauen-union-kempen","status":"publish","type":"post","link":"https:\/\/cdu-kempen.de\/index.php\/neuer-vorstand-der-frauen-union-kempen\/","title":{"rendered":"Neuer Vorstand der Frauen Union Kempen"},"content":{"rendered":"\n<p>Auf der Mitgliederversammlung der Frauen Union des CDU Stadtverbandes Kempen im August 2023 wurde ein neuer Vorstand gew\u00e4hlt.<\/p>\n\n\n\n<p>Vorsitzende bleibt Heike H\u00f6ltken. Als Stellvertreterinnen wurden Jaqueline Hermes und Ellen Matoni wiedergew\u00e4hlt. Als Besitzerinnen wurden Claudia von den Driesch, Ute Gremmel-Geuchen, Sigrid Houben, Heidi Labitzke, Elvira Nolte und Ingrid Wallat in ihrem Amt best\u00e4tigt. Neu im Vorstand ist Ramona Peters als Schriftf\u00fchrerin.<\/p>\n\n\n\n<p>Auf dem Foto fehlen Ute Gremmel-Geuchen und Claudia von den Driesch.<\/p>\n","protected":false},"excerpt":{"rendered":"<p>Auf der Mitgliederversammlung der Frauen Union des CDU Stadtverbandes Kempen im August 2023 wurde ein neuer Vorstand gew\u00e4hlt. Vorsitzende bleibt Heike H\u00f6ltken. Als Stellvertreterinnen wurden Jaqueline Hermes und Ellen Matoni wiedergew\u00e4hlt. Als Besitzerinnen wurden Claudia von den Driesch, Ute Gremmel-Geuchen, Sigrid Houben, Heidi Labitzke, Elvira Nolte und Ingrid Wallat in ihrem Amt best\u00e4tigt. Neu im [&hellip;]<\/p>\n","protected":false},"author":6,"featured_media":11082,"comment_status":"closed","ping_status":"closed","sticky":false,"template":"","format":"standard","meta":{"_et_pb_use_builder":"off","_et_pb_old_content":"","_et_gb_content_width":"","footnotes":""},"categories":[1],"tags":[],"class_list":["post-11072","post","type-post","status-publish","format-standard","has-post-thumbnail","hentry","category-uncategorized"],"_links":{"self":[{"href":"https:\/\/cdu-kempen.de\/index.php\/wp-json\/wp\/v2\/posts\/11072"}],"collection":[{"href":"https:\/\/cdu-kempen.de\/index.php\/wp-json\/wp\/v2\/posts"}],"about":[{"href":"https:\/\/cdu-kempen.de\/index.php\/wp-json\/wp\/v2\/types\/post"}],"author":[{"embeddable":true,"href":"https:\/\/cdu-kempen.de\/index.php\/wp-json\/wp\/v2\/users\/6"}],"replies":[{"embeddable":true,"href":"https:\/\/cdu-kempen.de\/index.php\/wp-json\/wp\/v2\/comments?post=11072"}],"version-history":[{"count":3,"href":"https:\/\/cdu-kempen.de\/index.php\/wp-json\/wp\/v2\/posts\/11072\/revisions"}],"predecessor-version":[{"id":11081,"href":"https:\/\/cdu-kempen.de\/index.php\/wp-json\/wp\/v2\/posts\/11072\/revisions\/11081"}],"wp:featuredmedia":[{"embeddable":true,"href":"https:\/\/cdu-kempen.de\/index.php\/wp-json\/wp\/v2\/media\/11082"}],"wp:attachment":[{"href":"https:\/\/cdu-kempen.de\/index.php\/wp-json\/wp\/v2\/media?parent=11072"}],"wp:term":[{"taxonomy":"category","embeddable":true,"href":"https:\/\/cdu-kempen.de\/index.php\/wp-json\/wp\/v2\/categories?post=11072"},{"taxonomy":"post_tag","embeddable":true,"href":"https:\/\/cdu-kempen.de\/index.php\/wp-json\/wp\/v2\/tags?post=11072"}],"curies":[{"name":"wp","href":"https:\/\/api.w.org\/{rel}","templated":true}]}}