{"id":11090,"date":"2023-09-04T18:46:49","date_gmt":"2023-09-04T18:46:49","guid":{"rendered":"https:\/\/cdu-kempen.de\/?p=11090"},"modified":"2023-09-04T18:56:31","modified_gmt":"2023-09-04T18:56:31","slug":"betriebsbesichtigung-bei-te-neues-beeindruckt","status":"publish","type":"post","link":"https:\/\/cdu-kempen.de\/index.php\/betriebsbesichtigung-bei-te-neues-beeindruckt\/","title":{"rendered":"Betriebsbesichtigung bei te Neues beeindruckt die CDU"},"content":{"rendered":"\n<p><strong>Mit \u00fcber 30 Teilnehmern hat die Frauen Union der CDU Kempen die Firma te Neues Druckereigesellschaft mbH + Co KG besichtigt.<\/strong> <strong>Der Gesch\u00e4ftsf\u00fchrer Tobias te Neues und der Betriebsleiter Andr\u00e9 Butzen haben die Gruppe durch das Unternehmen gef\u00fchrt.<\/strong><\/p>\n\n\n\n<p><strong>Die Druckereigesellschaft ist spezialisiert auf die Produktion von Gro\u00dffl\u00e4chenplakaten, Wandkalendern, Falzprodukte und Packungsbeilagen.<\/strong> <strong>Zum Verbund geh\u00f6ren das Fulfillment-Unternehmen PORTICA und der IT-Anbieter GEDAK.<\/strong><\/p>\n\n\n\n<p>Gruppenfoto: Fa. te Neues<\/p>\n\n\n\n<p>Fotos: CDU Kempen<\/p>\n\n\n\n<figure class=\"wp-block-gallery has-nested-images columns-default is-cropped wp-block-gallery-1 is-layout-flex wp-block-gallery-is-layout-flex\">\n<figure class=\"wp-block-image size-large\"><img loading=\"lazy\" decoding=\"async\" width=\"2048\" height=\"1536\" data-id=\"11099\" src=\"https:\/\/cdu-kempen.de\/wp-content\/uploads\/2023\/09\/2023-08-18_Besichtigung-te-Neues-2.jpg\" alt=\"\" class=\"wp-image-11099\"\/><\/figure>\n<\/figure>\n\n\n\n<figure class=\"wp-block-gallery has-nested-images columns-default is-cropped wp-block-gallery-2 is-layout-flex wp-block-gallery-is-layout-flex\">\n<figure class=\"wp-block-image size-large\"><img loading=\"lazy\" decoding=\"async\" width=\"1024\" height=\"768\" data-id=\"11094\" src=\"https:\/\/cdu-kempen.de\/wp-content\/uploads\/2023\/09\/2023-08-18_Besichtigung-te-Neues_1.jpg\" alt=\"\" class=\"wp-image-11094\" srcset=\"https:\/\/cdu-kempen.de\/wp-content\/uploads\/2023\/09\/2023-08-18_Besichtigung-te-Neues_1.jpg 1024w, https:\/\/cdu-kempen.de\/wp-content\/uploads\/2023\/09\/2023-08-18_Besichtigung-te-Neues_1-980x735.jpg 980w, https:\/\/cdu-kempen.de\/wp-content\/uploads\/2023\/09\/2023-08-18_Besichtigung-te-Neues_1-480x360.jpg 480w\" sizes=\"(min-width: 0px) and (max-width: 480px) 480px, (min-width: 481px) and (max-width: 980px) 980px, (min-width: 981px) 1024px, 100vw\" \/><\/figure>\n\n\n\n<figure class=\"wp-block-image size-large\"><img loading=\"lazy\" decoding=\"async\" width=\"1024\" height=\"768\" data-id=\"11096\" src=\"https:\/\/cdu-kempen.de\/wp-content\/uploads\/2023\/09\/2023-08-18_Besichtigung-te-Neues_3.jpg\" alt=\"\" class=\"wp-image-11096\" srcset=\"https:\/\/cdu-kempen.de\/wp-content\/uploads\/2023\/09\/2023-08-18_Besichtigung-te-Neues_3.jpg 1024w, https:\/\/cdu-kempen.de\/wp-content\/uploads\/2023\/09\/2023-08-18_Besichtigung-te-Neues_3-980x735.jpg 980w, https:\/\/cdu-kempen.de\/wp-content\/uploads\/2023\/09\/2023-08-18_Besichtigung-te-Neues_3-480x360.jpg 480w\" sizes=\"(min-width: 0px) and (max-width: 480px) 480px, (min-width: 481px) and (max-width: 980px) 980px, (min-width: 981px) 1024px, 100vw\" \/><\/figure>\n\n\n\n<figure class=\"wp-block-image size-large\"><img loading=\"lazy\" decoding=\"async\" width=\"1024\" height=\"768\" data-id=\"11093\" src=\"https:\/\/cdu-kempen.de\/wp-content\/uploads\/2023\/09\/2023-08-18_Besichtigung-te-Neues_4.jpg\" alt=\"\" class=\"wp-image-11093\" srcset=\"https:\/\/cdu-kempen.de\/wp-content\/uploads\/2023\/09\/2023-08-18_Besichtigung-te-Neues_4.jpg 1024w, https:\/\/cdu-kempen.de\/wp-content\/uploads\/2023\/09\/2023-08-18_Besichtigung-te-Neues_4-980x735.jpg 980w, https:\/\/cdu-kempen.de\/wp-content\/uploads\/2023\/09\/2023-08-18_Besichtigung-te-Neues_4-480x360.jpg 480w\" sizes=\"(min-width: 0px) and (max-width: 480px) 480px, (min-width: 481px) and (max-width: 980px) 980px, (min-width: 981px) 1024px, 100vw\" \/><\/figure>\n<\/figure>\n","protected":false},"excerpt":{"rendered":"<p>Mit \u00fcber 30 Teilnehmern hat die Frauen Union der CDU Kempen die Firma te Neues Druckereigesellschaft mbH + Co KG besichtigt. Der Gesch\u00e4ftsf\u00fchrer Tobias te Neues und der Betriebsleiter Andr\u00e9 Butzen haben die Gruppe durch das Unternehmen gef\u00fchrt. Die Druckereigesellschaft ist spezialisiert auf die Produktion von Gro\u00dffl\u00e4chenplakaten, Wandkalendern, Falzprodukte und Packungsbeilagen. Zum Verbund geh\u00f6ren das [&hellip;]<\/p>\n","protected":false},"author":6,"featured_media":11092,"comment_status":"closed","ping_status":"closed","sticky":false,"template":"","format":"standard","meta":{"_et_pb_use_builder":"off","_et_pb_old_content":"","_et_gb_content_width":"","footnotes":""},"categories":[1],"tags":[],"class_list":["post-11090","post","type-post","status-publish","format-standard","has-post-thumbnail","hentry","category-uncategorized"],"_links":{"self":[{"href":"https:\/\/cdu-kempen.de\/index.php\/wp-json\/wp\/v2\/posts\/11090"}],"collection":[{"href":"https:\/\/cdu-kempen.de\/index.php\/wp-json\/wp\/v2\/posts"}],"about":[{"href":"https:\/\/cdu-kempen.de\/index.php\/wp-json\/wp\/v2\/types\/post"}],"author":[{"embeddable":true,"href":"https:\/\/cdu-kempen.de\/index.php\/wp-json\/wp\/v2\/users\/6"}],"replies":[{"embeddable":true,"href":"https:\/\/cdu-kempen.de\/index.php\/wp-json\/wp\/v2\/comments?post=11090"}],"version-history":[{"count":5,"href":"https:\/\/cdu-kempen.de\/index.php\/wp-json\/wp\/v2\/posts\/11090\/revisions"}],"predecessor-version":[{"id":11106,"href":"https:\/\/cdu-kempen.de\/index.php\/wp-json\/wp\/v2\/posts\/11090\/revisions\/11106"}],"wp:featuredmedia":[{"embeddable":true,"href":"https:\/\/cdu-kempen.de\/index.php\/wp-json\/wp\/v2\/media\/11092"}],"wp:attachment":[{"href":"https:\/\/cdu-kempen.de\/index.php\/wp-json\/wp\/v2\/media?parent=11090"}],"wp:term":[{"taxonomy":"category","embeddable":true,"href":"https:\/\/cdu-kempen.de\/index.php\/wp-json\/wp\/v2\/categories?post=11090"},{"taxonomy":"post_tag","embeddable":true,"href":"https:\/\/cdu-kempen.de\/index.php\/wp-json\/wp\/v2\/tags?post=11090"}],"curies":[{"name":"wp","href":"https:\/\/api.w.org\/{rel}","templated":true}]}}