{"id":11132,"date":"2023-10-27T08:02:06","date_gmt":"2023-10-27T08:02:06","guid":{"rendered":"https:\/\/cdu-kempen.de\/?p=11132"},"modified":"2023-10-27T08:06:15","modified_gmt":"2023-10-27T08:06:15","slug":"hundewiese-wurde-eroeffnet","status":"publish","type":"post","link":"https:\/\/cdu-kempen.de\/index.php\/hundewiese-wurde-eroeffnet\/","title":{"rendered":"Hundewiese wurde er\u00f6ffnet"},"content":{"rendered":"\n<p><span style=\"color: rgb(5, 5, 5); font-family: &quot;Segoe UI Historic&quot;, &quot;Segoe UI&quot;, Helvetica, Arial, sans-serif; font-size: 15px; font-style: normal; font-variant-ligatures: normal; font-variant-caps: normal; font-weight: 400; letter-spacing: normal; orphans: 2; text-align: start; text-indent: 0px; text-transform: none; widows: 2; word-spacing: 0px; -webkit-text-stroke-width: 0px; white-space: pre-wrap; background-color: rgb(255, 255, 255); text-decoration-thickness: initial; text-decoration-style: initial; text-decoration-color: initial; display: inline !important; float: none;\">Die von der CDU-Fraktion im Jahr 2021 beantragte Hundewiese wurde nun er\u00f6ffnet. Unser Fraktionsvorsitzender Jochen Herbst geh\u00f6rte zu den ersten G\u00e4sten bei der Er\u00f6ffnung. Etwa 2400 m\u00b2 stehen nun f\u00fcr die Vierbeiner und ihre Begleitungen zur Verf\u00fcgung. Wir freuen uns sehr, dass dieser Antrag der CDU-Fraktion erfolgreich umgesetzt wurde.<\/span><\/p>\n\n\n\n<p>Pressemitteilung Stadt Kempen: <a rel=\"noreferrer noopener\" href=\"https:\/\/l.facebook.com\/l.php?u=https%3A%2F%2Fwww.kempen.de%2Fde%2Fpressemitteilungen%2Fneue-hundewiese-eroeffnet%2F%3Ffbclid%3DIwAR1sT9UU-dR6rE24OOf0s28MNhdM3ahTO3QXSsuJpxeNZQb9Y-IWVLsbXHs&amp;h=AT3u3PlnL5NzZWtBQ6lBCXYqbLm9mWQixMwIWU25thi8hOZZdtgLL0r8AlYzhUGGGZrqyMSsxtMT4GquHEeDGhRfGByouNy7uFMhheXlUijb81TbFzBZoKcycoNBx5vJTVC-wLJcG0IccUl6ZHrn&amp;__tn__=-UK-R&amp;c[0]=AT3-HzZmQhVhlmE-p97Y2rJuW-1wzpGWEWgtxXLIZmERQCRTNGpTtornu5uxJeqOBOVmc1v48QGqxfxodJKAM0OOAD_iPiqTte7bMTl4YjnEMOkGcnN8iFvQUayYervBUNH6PYGNrEDOKynIJR9Q_bq9qxNpGcQWszLDK0Gi3oDseZHly-VSM0yA4o0vmrQotO826RcP4rSs\" target=\"_blank\">https:\/\/www.kempen.de\/&#8230;\/pres&#8230;\/neue-hundewiese-eroeffnet\/<\/a><\/p>\n\n\n\n<p><\/p>\n","protected":false},"excerpt":{"rendered":"<p>Die von der CDU-Fraktion im Jahr 2021 beantragte Hundewiese wurde nun er\u00f6ffnet. Unser Fraktionsvorsitzender Jochen Herbst geh\u00f6rte zu den ersten G\u00e4sten bei der Er\u00f6ffnung. Etwa 2400 m\u00b2 stehen nun f\u00fcr die Vierbeiner und ihre Begleitungen zur Verf\u00fcgung. Wir freuen uns sehr, dass dieser Antrag der CDU-Fraktion erfolgreich umgesetzt wurde. Pressemitteilung Stadt Kempen: https:\/\/www.kempen.de\/&#8230;\/pres&#8230;\/neue-hundewiese-eroeffnet\/<\/p>\n","protected":false},"author":6,"featured_media":11135,"comment_status":"closed","ping_status":"closed","sticky":false,"template":"","format":"standard","meta":{"_et_pb_use_builder":"off","_et_pb_old_content":"","_et_gb_content_width":"","footnotes":""},"categories":[1],"tags":[],"class_list":["post-11132","post","type-post","status-publish","format-standard","has-post-thumbnail","hentry","category-uncategorized"],"_links":{"self":[{"href":"https:\/\/cdu-kempen.de\/index.php\/wp-json\/wp\/v2\/posts\/11132"}],"collection":[{"href":"https:\/\/cdu-kempen.de\/index.php\/wp-json\/wp\/v2\/posts"}],"about":[{"href":"https:\/\/cdu-kempen.de\/index.php\/wp-json\/wp\/v2\/types\/post"}],"author":[{"embeddable":true,"href":"https:\/\/cdu-kempen.de\/index.php\/wp-json\/wp\/v2\/users\/6"}],"replies":[{"embeddable":true,"href":"https:\/\/cdu-kempen.de\/index.php\/wp-json\/wp\/v2\/comments?post=11132"}],"version-history":[{"count":5,"href":"https:\/\/cdu-kempen.de\/index.php\/wp-json\/wp\/v2\/posts\/11132\/revisions"}],"predecessor-version":[{"id":11143,"href":"https:\/\/cdu-kempen.de\/index.php\/wp-json\/wp\/v2\/posts\/11132\/revisions\/11143"}],"wp:featuredmedia":[{"embeddable":true,"href":"https:\/\/cdu-kempen.de\/index.php\/wp-json\/wp\/v2\/media\/11135"}],"wp:attachment":[{"href":"https:\/\/cdu-kempen.de\/index.php\/wp-json\/wp\/v2\/media?parent=11132"}],"wp:term":[{"taxonomy":"category","embeddable":true,"href":"https:\/\/cdu-kempen.de\/index.php\/wp-json\/wp\/v2\/categories?post=11132"},{"taxonomy":"post_tag","embeddable":true,"href":"https:\/\/cdu-kempen.de\/index.php\/wp-json\/wp\/v2\/tags?post=11132"}],"curies":[{"name":"wp","href":"https:\/\/api.w.org\/{rel}","templated":true}]}}