{"id":11164,"date":"2023-10-28T18:04:52","date_gmt":"2023-10-28T18:04:52","guid":{"rendered":"https:\/\/cdu-kempen.de\/?p=11164"},"modified":"2023-10-29T09:02:51","modified_gmt":"2023-10-29T09:02:51","slug":"45-landesparteitag-der-cdu-nrw","status":"publish","type":"post","link":"https:\/\/cdu-kempen.de\/index.php\/45-landesparteitag-der-cdu-nrw\/","title":{"rendered":"45. Landesparteitag der CDU NRW"},"content":{"rendered":"\n<p>Peter Fischer und Heike H\u00f6ltken der CDU Kempen geh\u00f6rten zu den Delegierten aus dem CDU Kreisverband Viersen auf dem 45. Landesparteitag der CDU NRW in H\u00fcrth. Die CDU Kempen gratuliert Hendrik W\u00fcst zu seinem starken Ergebnis von 96,7% als Landesvorsitzender&nbsp;der CDU NRW.<\/p>\n\n\n\n<p>In seiner Rede auf dem Parteitag bedankte sich der israelische Botschafter Ron Prosor f\u00fcr die gro\u00dfe Unterst\u00fctzung und die Solidarit\u00e4t.<\/p>\n\n\n\n<figure class=\"wp-block-gallery has-nested-images columns-default is-cropped wp-block-gallery-1 is-layout-flex wp-block-gallery-is-layout-flex\">\n<figure class=\"wp-block-image size-large is-style-default\"><img loading=\"lazy\" decoding=\"async\" width=\"1160\" height=\"720\" data-id=\"11162\" src=\"https:\/\/cdu-kempen.de\/wp-content\/uploads\/2023\/10\/2023-10-28_Kreis-Viersen-Landesparteitag-2023-1160x720.jpg\" alt=\"\" class=\"wp-image-11162\" srcset=\"https:\/\/cdu-kempen.de\/wp-content\/uploads\/2023\/10\/2023-10-28_Kreis-Viersen-Landesparteitag-2023-1160x720.jpg 1160w, https:\/\/cdu-kempen.de\/wp-content\/uploads\/2023\/10\/2023-10-28_Kreis-Viersen-Landesparteitag-2023-980x555.jpg 980w, https:\/\/cdu-kempen.de\/wp-content\/uploads\/2023\/10\/2023-10-28_Kreis-Viersen-Landesparteitag-2023-480x272.jpg 480w\" sizes=\"(min-width: 0px) and (max-width: 480px) 480px, (min-width: 481px) and (max-width: 980px) 980px, (min-width: 981px) 1160px, 100vw\" \/><\/figure>\n<\/figure>\n\n\n\n<figure class=\"wp-block-gallery has-nested-images columns-default is-cropped wp-block-gallery-2 is-layout-flex wp-block-gallery-is-layout-flex\">\n<figure class=\"wp-block-image size-large\"><img loading=\"lazy\" decoding=\"async\" width=\"960\" height=\"960\" data-id=\"11178\" src=\"https:\/\/cdu-kempen.de\/wp-content\/uploads\/2023\/10\/2023-10-28_israelischer-Botschafter_Landesparteitag-2023_-1.png\" alt=\"\" class=\"wp-image-11178\" srcset=\"https:\/\/cdu-kempen.de\/wp-content\/uploads\/2023\/10\/2023-10-28_israelischer-Botschafter_Landesparteitag-2023_-1.png 960w, https:\/\/cdu-kempen.de\/wp-content\/uploads\/2023\/10\/2023-10-28_israelischer-Botschafter_Landesparteitag-2023_-1-480x480.png 480w\" sizes=\"(min-width: 0px) and (max-width: 480px) 480px, (min-width: 481px) 960px, 100vw\" \/><\/figure>\n<\/figure>\n\n\n\n<p>Fotos: CDU Kreisverband Viersen<\/p>\n","protected":false},"excerpt":{"rendered":"<p>Peter Fischer und Heike H\u00f6ltken der CDU Kempen geh\u00f6rten zu den Delegierten aus dem CDU Kreisverband Viersen auf dem 45. Landesparteitag der CDU NRW in H\u00fcrth. Die CDU Kempen gratuliert Hendrik W\u00fcst zu seinem starken Ergebnis von 96,7% als Landesvorsitzender&nbsp;der CDU NRW. In seiner Rede auf dem Parteitag bedankte sich der israelische Botschafter Ron Prosor [&hellip;]<\/p>\n","protected":false},"author":6,"featured_media":11162,"comment_status":"closed","ping_status":"closed","sticky":false,"template":"","format":"standard","meta":{"_et_pb_use_builder":"off","_et_pb_old_content":"<!-- wp:paragraph -->\n<p>Peter Fischer und Heike H\u00f6ltken der CDU Kempen geh\u00f6rten zu den Delegierten aus dem CDU Kreisverband Viersen auf dem 45. Landesparteitag der CDU NRW in H\u00fcrth. Die CDU Kempen gratuliert Hendrik W\u00fcst zu seinem starken Ergebnis von 96,7% als Landesvorsitzender&nbsp;der CDU NRW.<\/p>\n<!-- \/wp:paragraph -->\n\n<!-- wp:paragraph -->\n<p>In seiner Rede auf dem Parteitag bedankte sich der israelische Botschafter Ron Prosor f\u00fcr die gro\u00dfe Unterst\u00fctzung und die Solidarit\u00e4t.<\/p>\n<!-- \/wp:paragraph -->\n\n<!-- wp:gallery {\"linkTo\":\"none\"} -->\n<figure class=\"wp-block-gallery has-nested-images columns-default is-cropped\"><!-- wp:image {\"id\":11162,\"sizeSlug\":\"large\",\"linkDestination\":\"none\",\"className\":\"is-style-default\"} -->\n<figure class=\"wp-block-image size-large is-style-default\"><img src=\"https:\/\/cdu-kempen.de\/wp-content\/uploads\/2023\/10\/2023-10-28_Kreis-Viersen-Landesparteitag-2023-1160x720.jpg\" alt=\"\" class=\"wp-image-11162\"\/><\/figure>\n<!-- \/wp:image --><\/figure>\n<!-- \/wp:gallery -->\n\n<!-- wp:gallery {\"linkTo\":\"none\"} -->\n<figure class=\"wp-block-gallery has-nested-images columns-default is-cropped\"><!-- wp:image {\"id\":11178,\"sizeSlug\":\"large\",\"linkDestination\":\"none\"} -->\n<figure class=\"wp-block-image size-large\"><img src=\"https:\/\/cdu-kempen.de\/wp-content\/uploads\/2023\/10\/2023-10-28_israelischer-Botschafter_Landesparteitag-2023_-1.png\" alt=\"\" class=\"wp-image-11178\"\/><\/figure>\n<!-- \/wp:image --><\/figure>\n<!-- \/wp:gallery -->\n\n<!-- wp:paragraph -->\n<p>Fotos: CDU Kreisverband Viersen<\/p>\n<!-- \/wp:paragraph -->","_et_gb_content_width":"","footnotes":""},"categories":[1],"tags":[],"class_list":["post-11164","post","type-post","status-publish","format-standard","has-post-thumbnail","hentry","category-uncategorized"],"_links":{"self":[{"href":"https:\/\/cdu-kempen.de\/index.php\/wp-json\/wp\/v2\/posts\/11164"}],"collection":[{"href":"https:\/\/cdu-kempen.de\/index.php\/wp-json\/wp\/v2\/posts"}],"about":[{"href":"https:\/\/cdu-kempen.de\/index.php\/wp-json\/wp\/v2\/types\/post"}],"author":[{"embeddable":true,"href":"https:\/\/cdu-kempen.de\/index.php\/wp-json\/wp\/v2\/users\/6"}],"replies":[{"embeddable":true,"href":"https:\/\/cdu-kempen.de\/index.php\/wp-json\/wp\/v2\/comments?post=11164"}],"version-history":[{"count":8,"href":"https:\/\/cdu-kempen.de\/index.php\/wp-json\/wp\/v2\/posts\/11164\/revisions"}],"predecessor-version":[{"id":11182,"href":"https:\/\/cdu-kempen.de\/index.php\/wp-json\/wp\/v2\/posts\/11164\/revisions\/11182"}],"wp:featuredmedia":[{"embeddable":true,"href":"https:\/\/cdu-kempen.de\/index.php\/wp-json\/wp\/v2\/media\/11162"}],"wp:attachment":[{"href":"https:\/\/cdu-kempen.de\/index.php\/wp-json\/wp\/v2\/media?parent=11164"}],"wp:term":[{"taxonomy":"category","embeddable":true,"href":"https:\/\/cdu-kempen.de\/index.php\/wp-json\/wp\/v2\/categories?post=11164"},{"taxonomy":"post_tag","embeddable":true,"href":"https:\/\/cdu-kempen.de\/index.php\/wp-json\/wp\/v2\/tags?post=11164"}],"curies":[{"name":"wp","href":"https:\/\/api.w.org\/{rel}","templated":true}]}}