{"id":11200,"date":"2023-11-04T13:24:59","date_gmt":"2023-11-04T13:24:59","guid":{"rendered":"https:\/\/cdu-kempen.de\/?p=11200"},"modified":"2023-11-04T13:25:56","modified_gmt":"2023-11-04T13:25:56","slug":"mitgliederversammlung-cdu-kempen-2023","status":"publish","type":"post","link":"https:\/\/cdu-kempen.de\/index.php\/mitgliederversammlung-cdu-kempen-2023\/","title":{"rendered":"Mitgliederversammlung CDU Kempen 2023"},"content":{"rendered":"\n<div class=\"wp-block-group is-layout-constrained wp-block-group-is-layout-constrained\">\n<p>Auf der Mitgliederversammlung des CDU Kempen am\u00a026. Oktober 2023 im Kolpinghaus konnte der Kempener CDU-Vorsitzende Carsten H\u00f6ner fast 75 Parteimitglieder und G\u00e4ste, darunter der Europaabgeordnete der CDU Niederrhein, Dr. Stefan Berger, begr\u00fc\u00dfen.<\/p>\n<p>Carsten H\u00f6ner gab in seinem Bericht einen R\u00fcckblick auf die Aktivit\u00e4ten der vergangenen zwei Jahre und warf dabei gleich einen Blick nach vorne.<\/p>\n<p>Mit Veranstaltungen wie dem Burgfest mit gleichzeitiger Verleihung des Aan-den-Boom-Preises an die Pfadfinder konnte der Stadtverband viel Aufmerksamkeit erreichen. Besonders betonte er das Engagement des CDU-Ortsausschuss T\u00f6nisberg, der mit seinem tollen Kartoffelfest sowie einem Ortsrundgang rund 100 Interessierte aus T\u00f6nisberg angesprochen hatte.<\/p>\n<p>Im Juni war der Innenminister des Landes NRW, Herbert Reul, auf Einladung der Kempener CDU zu Gast im vollst\u00e4ndig gef\u00fcllten Saal des Kolpinghauses (<a href=\"https:\/\/cdu-kempen.de\/index.php\/herbert-reul-zu-gast-im-kempen\/\">https:\/\/cdu-kempen.de\/index.php\/herbert-reul-zu-gast-im-kempen\/<\/a>) .<\/p>\n<p>Auf dieser Basis wolle die Kempener CDU weiterarbeiten und m\u00f6glichst noch eine Schippe zulegen.<\/p>\n<p>Carsten H\u00f6ner verschwieg nicht, dass die Entwicklung der Mitgliederzahlen Anlass zur Sorge gebe. Aktuell hat die CDU Kempen 382 Mitglieder, wobei der Altersdurchschnitt bei 61 Jahren liegt.<\/p>\n<p>Einen \u00dcberblick \u00fcber die Arbeit der Stadtratsfraktion gab der Fraktionsvorsitzende, Jochen Herbst. Kernthemen dabei sind das Baugebiet im Kempener Westen. Hier hoffe man, dass endlich die Best\u00e4tigung zum Bau der geplanten Altenheime komme. Auch in den Bereichen des Gewerbegebietes H\u00fclser Stra\u00dfe, des Familiensportparks sowie des Schulcampus warte man darauf, dass es vorangehe. Dabei verwies er aber auch darauf, dass die Kempener CDU zwar 20 Sitze im Stadtrat habe, aber damit keine eigene Mehrheit und somit immer Partner suchen m\u00fcsse.<\/p>\n<p>Dr. Stefan Berger gab einen \u00dcberblick \u00fcber die Arbeit im Europ\u00e4ischen Parlament und auch auf den Ukraine-Krieg sowie den Nahost-Konflikt. Er warb in seinen Ausf\u00fchrungen f\u00fcr Europa und die EU als Garant f\u00fcr den Frieden, damit auch unsere Kinder ihren Weg in Frieden und Freiheit gehen k\u00f6nnen.<\/p>\n<p>Vor den turnusm\u00e4\u00dfigen Vorstandswahlen wurde dem Vorstand durch die Versammlung die einstimmige Entlastung erteilt.<\/p>\n<p>Die Wahlen zum Vorstand ergaben folgendes Ergebnis:<\/p>\n<p>Vorsitzender bleibt weiterhin Carsten H\u00f6ner. Als Vertreter wurden Heidi Labitzke und Sigrid Schrage gew\u00e4hlt. Die bisherigen Stellvertreter, Niklas Hell und Dr. Gero Scheiermann, stellten sich nicht mehr zur Wahl. \u00a0Als Schatzmeister wiedergew\u00e4hlt wurde Frank Lange. Gesch\u00e4ftsf\u00fchrer bleibt weiterhin Hans-Willi Schmitz, der eine besonders hohe Zustimmung erhielt.<\/p>\n<p>Als Beisitzer gew\u00e4hlt wurden Thomas K\u00f6rvers, Stefan K\u00fcppers, Sven Labitzke, Ramona Peters, Sebastian van Thiel, Sonja Weeger, Thomas Weeger und Stephan Wolters.\u00a0 Kassenpr\u00fcfern sind Ute Gremmel-Geuchen und Gerd-Wilhelm St\u00fcckemann.<\/p>\n<p>\u00a0<\/p>\n<p>Gesch\u00e4ftsf\u00fchrender Vorstand:<\/p>\n<p><img decoding=\"async\" src=\"https:\/\/cdu-kempen.de\/wp-content\/uploads\/2023\/11\/GF-Vorstand-2023-2025-scaled.jpg\" \/><\/p>\n<p>Hintere Reihe:<br \/>Vorsitzender: Carsten H\u00f6ner (2. von Rechts)<br \/>Schatzmeister: Frank Lange (1. von rechts)<br \/>Gesch\u00e4ftsf\u00fchrer : Hans-Willi Schmitz (2. von links)<\/p>\n<p>Vordere Reihe:<br \/>stv. Vorsitzende: Heidi Labitzke ( 1. von links)<br \/>stv. Vorsitzende: Sigrid Schrage (2. von links )<\/p>\n<p>ebenfalls auf dem Foto: <br \/>Dr. Stefan Berger (MdEP) (hinten links)<\/p>\n<p>Gesamtvorstand:<\/p>\n<p><img decoding=\"async\" src=\"https:\/\/cdu-kempen.de\/wp-content\/uploads\/2023\/11\/Gesamtvorstand-2023-2025-scaled.jpg\" \/><\/p>\n<p>Weitere Bilder:<\/p>\n<p><img decoding=\"async\" src=\"https:\/\/cdu-kempen.de\/wp-content\/uploads\/2023\/11\/MV_2023-10-26_1-scaled.jpg\" \/><\/p>\n<p><img decoding=\"async\" src=\"https:\/\/cdu-kempen.de\/wp-content\/uploads\/2023\/11\/MV_2023-10-26_2-scaled.jpg\" \/><\/p>\n<\/div>\n","protected":false},"excerpt":{"rendered":"<p>Auf der Mitgliederversammlung des CDU Kempen am Donnerstag, den 27. Oktober 2016 im Kolpinghaus konnte die Kempener CDU-Vorsitzende Rita Ulschmid fast 95 Parteimitglieder und G\u00e4ste begr\u00fc\u00dfen.<\/p>\n<p>Turnusm\u00e4\u00dfig standen Vorstandswahlen an, wobei bereits im im Vorfeld klar war, dass der im November 2014 gew\u00e4hlte alte Vorstand sich erneut geschlossen zur Wahl stellte und es auch keine Gegenkandidaten geben w\u00fcrde.<\/p>\n","protected":false},"author":5,"featured_media":11206,"comment_status":"closed","ping_status":"closed","sticky":false,"template":"","format":"standard","meta":{"_et_pb_use_builder":"","_et_pb_old_content":"","_et_gb_content_width":"","footnotes":""},"categories":[5],"tags":[],"class_list":["post-11200","post","type-post","status-publish","format-standard","has-post-thumbnail","hentry","category-aktuelles"],"_links":{"self":[{"href":"https:\/\/cdu-kempen.de\/index.php\/wp-json\/wp\/v2\/posts\/11200"}],"collection":[{"href":"https:\/\/cdu-kempen.de\/index.php\/wp-json\/wp\/v2\/posts"}],"about":[{"href":"https:\/\/cdu-kempen.de\/index.php\/wp-json\/wp\/v2\/types\/post"}],"author":[{"embeddable":true,"href":"https:\/\/cdu-kempen.de\/index.php\/wp-json\/wp\/v2\/users\/5"}],"replies":[{"embeddable":true,"href":"https:\/\/cdu-kempen.de\/index.php\/wp-json\/wp\/v2\/comments?post=11200"}],"version-history":[{"count":12,"href":"https:\/\/cdu-kempen.de\/index.php\/wp-json\/wp\/v2\/posts\/11200\/revisions"}],"predecessor-version":[{"id":11217,"href":"https:\/\/cdu-kempen.de\/index.php\/wp-json\/wp\/v2\/posts\/11200\/revisions\/11217"}],"wp:featuredmedia":[{"embeddable":true,"href":"https:\/\/cdu-kempen.de\/index.php\/wp-json\/wp\/v2\/media\/11206"}],"wp:attachment":[{"href":"https:\/\/cdu-kempen.de\/index.php\/wp-json\/wp\/v2\/media?parent=11200"}],"wp:term":[{"taxonomy":"category","embeddable":true,"href":"https:\/\/cdu-kempen.de\/index.php\/wp-json\/wp\/v2\/categories?post=11200"},{"taxonomy":"post_tag","embeddable":true,"href":"https:\/\/cdu-kempen.de\/index.php\/wp-json\/wp\/v2\/tags?post=11200"}],"curies":[{"name":"wp","href":"https:\/\/api.w.org\/{rel}","templated":true}]}}