{"id":11235,"date":"2023-11-15T16:03:12","date_gmt":"2023-11-15T16:03:12","guid":{"rendered":"https:\/\/cdu-kempen.de\/?p=11235"},"modified":"2023-11-15T16:03:14","modified_gmt":"2023-11-15T16:03:14","slug":"neuer-vorstand-im-cdu-ortsausschuss-kempen-mitte","status":"publish","type":"post","link":"https:\/\/cdu-kempen.de\/index.php\/neuer-vorstand-im-cdu-ortsausschuss-kempen-mitte\/","title":{"rendered":"Neuer Vorstand im CDU-Ortsausschuss Kempen-Mitte"},"content":{"rendered":"<p>Am 14. November hat die diesj\u00e4hrige Mitgliederversammlung des CDU Ortsausschuss Kempen-Mitte stattgefunden.<\/p>\n<p>Hierbei wurde auch ein neuer Vorstand gew\u00e4hlt. Zum neuen Vorsitzenden ist Frank Lange einstimmig gew\u00e4hlt worden. Sein Vorg\u00e4nger, Georg Funken, hatte sich aus beruflichen Gr\u00fcnden nicht mehr zur Wahl gestellt. Zu Stellvertretern wurden Ute Gremmel-Geuchen und Josef Lamozik gew\u00e4hlt.\u00a0 Neue Gesch\u00e4ftsf\u00fchrerin des Ortsausschuss wurde Ramona Peters.<\/p>\n<p>Verst\u00e4rkt wird das Vorstandsteam dar\u00fcber hinaus durch die Beisitzer, Dr. J\u00f6rg Gru\u00df, Marc Heckmann, Thomas K\u00f6rvers, Susanne Kranzusch und Stephan Wolters .<\/p>\n<p>Im weiteren Verlauf der Versammlung informierte der Fraktionsvorsitzende, Jochen Herbst, \u00fcber die Arbeit und die M\u00f6glichkeiten der Mitarbeit in der CDU-Ratsfraktion. <\/p>\n<p align=\"justify\">Der neue gesch\u00e4ftsf\u00fchrende Vorstand des Ortsausschuss Kempen-Mitte:<\/p>\n<div align=\"justify\">\n<p><img loading=\"lazy\" decoding=\"async\" class=\"alignleft wp-image-11229 size-et-pb-image-responsive-desktop\" src=\"https:\/\/cdu-kempen.de\/wp-content\/uploads\/2023\/11\/20231114_211919-scaled-e1700063472690-960x720.jpg\" alt=\"\" width=\"960\" height=\"720\" \/><\/p>\n<\/div>\n\n\n<p><\/p>\n","protected":false},"excerpt":{"rendered":"<p>Am 14. November hat die diesj\u00e4hrige Mitgliederversammlung des CDU Ortsausschuss Kempen-Mitte stattgefunden. Hierbei wurde auch ein neuer Vorstand gew\u00e4hlt. Zum neuen Vorsitzenden ist Frank Lange einstimmig gew\u00e4hlt worden. Sein Vorg\u00e4nger, Georg Funken, hatte sich aus beruflichen Gr\u00fcnden nicht mehr zur Wahl gestellt. Zu Stellvertretern wurden Ute Gremmel-Geuchen und Josef Lamozik gew\u00e4hlt.\u00a0 Neue Gesch\u00e4ftsf\u00fchrerin des Ortsausschuss [&hellip;]<\/p>\n","protected":false},"author":5,"featured_media":11229,"comment_status":"closed","ping_status":"open","sticky":false,"template":"","format":"standard","meta":{"_et_pb_use_builder":"","_et_pb_old_content":"","_et_gb_content_width":"","footnotes":""},"categories":[1],"tags":[],"class_list":["post-11235","post","type-post","status-publish","format-standard","has-post-thumbnail","hentry","category-uncategorized"],"_links":{"self":[{"href":"https:\/\/cdu-kempen.de\/index.php\/wp-json\/wp\/v2\/posts\/11235"}],"collection":[{"href":"https:\/\/cdu-kempen.de\/index.php\/wp-json\/wp\/v2\/posts"}],"about":[{"href":"https:\/\/cdu-kempen.de\/index.php\/wp-json\/wp\/v2\/types\/post"}],"author":[{"embeddable":true,"href":"https:\/\/cdu-kempen.de\/index.php\/wp-json\/wp\/v2\/users\/5"}],"replies":[{"embeddable":true,"href":"https:\/\/cdu-kempen.de\/index.php\/wp-json\/wp\/v2\/comments?post=11235"}],"version-history":[{"count":10,"href":"https:\/\/cdu-kempen.de\/index.php\/wp-json\/wp\/v2\/posts\/11235\/revisions"}],"predecessor-version":[{"id":11245,"href":"https:\/\/cdu-kempen.de\/index.php\/wp-json\/wp\/v2\/posts\/11235\/revisions\/11245"}],"wp:featuredmedia":[{"embeddable":true,"href":"https:\/\/cdu-kempen.de\/index.php\/wp-json\/wp\/v2\/media\/11229"}],"wp:attachment":[{"href":"https:\/\/cdu-kempen.de\/index.php\/wp-json\/wp\/v2\/media?parent=11235"}],"wp:term":[{"taxonomy":"category","embeddable":true,"href":"https:\/\/cdu-kempen.de\/index.php\/wp-json\/wp\/v2\/categories?post=11235"},{"taxonomy":"post_tag","embeddable":true,"href":"https:\/\/cdu-kempen.de\/index.php\/wp-json\/wp\/v2\/tags?post=11235"}],"curies":[{"name":"wp","href":"https:\/\/api.w.org\/{rel}","templated":true}]}}