{"id":11278,"date":"2023-11-27T14:38:57","date_gmt":"2023-11-27T14:38:57","guid":{"rendered":"https:\/\/cdu-kempen.de\/?p=11278"},"modified":"2023-11-27T14:38:59","modified_gmt":"2023-11-27T14:38:59","slug":"weckmannkaffee-der-cdu-kempen-2023","status":"publish","type":"post","link":"https:\/\/cdu-kempen.de\/index.php\/weckmannkaffee-der-cdu-kempen-2023\/","title":{"rendered":"Weckmannkaffee der CDU Kempen 2023"},"content":{"rendered":"\n<p><strong>Zum dritten, und damit schon traditionellen, Weckmannkaffe hatte die Kempener CDU am letzten Samstag seine Mitglieder in den <strong>Willy-Hartmann-Saal<\/strong> der Senioreninitiative Kempen eingeladen. Als Gastrednerin berichtete Frau Birgit Stienen \u00fcber die Arbeit des Ambulanten Hospizdienstes des Maltser Hilfsdienstes im Kreis Viersen. Dieses Team besteht mit ausnahme der beiden Koordinatoren aus \u00fcberwiegend ehrenamtlichen Mitarbeitenden. Die Interessierten Anwesenden lauschten den Ausf\u00fchrungen der Gastrednerin und nutzten die Gelegenheit zu Fragen, die ausf\u00fchrlich beantwortet worden. Der CDU-Vorsitzende Carsten H\u00f6ner bedankte sich im Anschluss bei Frau Stienen mit einem kleinen Pr\u00e4sent. <\/strong><\/p>\n\n\n\n<figure class=\"wp-block-gallery has-nested-images columns-default is-cropped wp-block-gallery-1 is-layout-flex wp-block-gallery-is-layout-flex\">\n<figure class=\"wp-block-image size-large\"><img loading=\"lazy\" decoding=\"async\" width=\"2048\" height=\"2048\" data-id=\"11289\" src=\"https:\/\/cdu-kempen.de\/wp-content\/uploads\/2023\/11\/CDU-Weckmannkaffe_2023-11-25-4.jpg\" alt=\"\" class=\"wp-image-11289\"\/><\/figure>\n\n\n\n<figure class=\"wp-block-image size-large\"><img loading=\"lazy\" decoding=\"async\" width=\"2048\" height=\"2048\" data-id=\"11290\" src=\"https:\/\/cdu-kempen.de\/wp-content\/uploads\/2023\/11\/CDU-Weckmannkaffe_2023-11-25-5.jpg\" alt=\"\" class=\"wp-image-11290\"\/><\/figure>\n\n\n\n<figure class=\"wp-block-image size-large\"><img loading=\"lazy\" decoding=\"async\" width=\"1160\" height=\"1160\" data-id=\"11293\" src=\"https:\/\/cdu-kempen.de\/wp-content\/uploads\/2023\/11\/CDU-Weckmannkaffe_2023-11-25-8-1160x1160.jpg\" alt=\"\" class=\"wp-image-11293\" srcset=\"https:\/\/cdu-kempen.de\/wp-content\/uploads\/2023\/11\/CDU-Weckmannkaffe_2023-11-25-8-980x980.jpg 980w, https:\/\/cdu-kempen.de\/wp-content\/uploads\/2023\/11\/CDU-Weckmannkaffe_2023-11-25-8-480x480.jpg 480w\" sizes=\"(min-width: 0px) and (max-width: 480px) 480px, (min-width: 481px) and (max-width: 980px) 980px, (min-width: 981px) 1160px, 100vw\" \/><\/figure>\n\n\n\n<figure class=\"wp-block-image size-large\"><img loading=\"lazy\" decoding=\"async\" width=\"2048\" height=\"2048\" data-id=\"11291\" src=\"https:\/\/cdu-kempen.de\/wp-content\/uploads\/2023\/11\/CDU-Weckmannkaffe_2023-11-25-6.jpg\" alt=\"\" class=\"wp-image-11291\"\/><\/figure>\n\n\n\n<figure class=\"wp-block-image size-large\"><img loading=\"lazy\" decoding=\"async\" width=\"1160\" height=\"1160\" data-id=\"11294\" src=\"https:\/\/cdu-kempen.de\/wp-content\/uploads\/2023\/11\/CDU-Weckmannkaffe_2023-11-25-1-1160x1160.jpg\" alt=\"\" class=\"wp-image-11294\" srcset=\"https:\/\/cdu-kempen.de\/wp-content\/uploads\/2023\/11\/CDU-Weckmannkaffe_2023-11-25-1-980x980.jpg 980w, https:\/\/cdu-kempen.de\/wp-content\/uploads\/2023\/11\/CDU-Weckmannkaffe_2023-11-25-1-480x480.jpg 480w\" sizes=\"(min-width: 0px) and (max-width: 480px) 480px, (min-width: 481px) and (max-width: 980px) 980px, (min-width: 981px) 1160px, 100vw\" \/><\/figure>\n\n\n\n<figure class=\"wp-block-image size-large\"><img loading=\"lazy\" decoding=\"async\" width=\"2048\" height=\"2048\" data-id=\"11292\" src=\"https:\/\/cdu-kempen.de\/wp-content\/uploads\/2023\/11\/CDU-Weckmannkaffe_2023-11-25-7.jpg\" alt=\"\" class=\"wp-image-11292\"\/><\/figure>\n<\/figure>\n","protected":false},"excerpt":{"rendered":"<p>Zum dritten, und damit schon traditionellen, Weckmannkaffe hatte die Kempener CDU am letzten Samstag seine Mitglieder in den Willy-Hartmann-Saal der Senioreninitiative Kempen eingeladen. Als Gastrednerin berichtete Frau Birgit Stienen \u00fcber die Arbeit des Ambulanten Hospizdienstes des Maltser Hilfsdienstes im Kreis Viersen. Dieses Team besteht mit ausnahme der beiden Koordinatoren aus \u00fcberwiegend ehrenamtlichen Mitarbeitenden. Die Interessierten [&hellip;]<\/p>\n","protected":false},"author":5,"featured_media":11293,"comment_status":"closed","ping_status":"closed","sticky":false,"template":"","format":"standard","meta":{"_et_pb_use_builder":"off","_et_pb_old_content":"<!-- wp:paragraph -->\n<p><strong>Am Samstag (05.11.2022) hatte die CDU Kempen zum diesj\u00e4hrigen Weckmannkaffee ins Kolpinghaus eingeladen. Rund 50 Mitglieder und G\u00e4ste aus Krefeld sowie T\u00f6nisvorst sind der Einladung gefolgt. Als Gastredner durften wir den technischen Beigeordneten der Stadt Kempen, Thorsten Schr\u00f6der, begr\u00fc\u00dfen. Herr Schr\u00f6der hat \u00fcber die durchgef\u00fchrten Ma\u00dfnahmen zum Hochwasserschutz in Kempen berichtet. Neben einem spannenden Vortrag gab es auch einen einmaligen Einblick in den gro\u00dfen Wassersammler unter dem Bolzplatz am Hessenring.<\/strong><\/p>\n<!-- \/wp:paragraph -->\n\n<!-- wp:paragraph -->\n<p><\/p>\n<!-- \/wp:paragraph -->\n\n<!-- wp:gallery {\"linkTo\":\"none\"} -->\n<figure class=\"wp-block-gallery has-nested-images columns-default is-cropped\"><!-- wp:image {\"id\":10587,\"sizeSlug\":\"large\",\"linkDestination\":\"none\"} -->\n<figure class=\"wp-block-image size-large\"><img src=\"https:\/\/cdu-kempen.de\/wp-content\/uploads\/2022\/11\/CDU-Kempen-9.jpg\" alt=\"\" class=\"wp-image-10587\"\/><\/figure>\n<!-- \/wp:image -->\n\n<!-- wp:image {\"id\":10589,\"sizeSlug\":\"large\",\"linkDestination\":\"none\"} -->\n<figure class=\"wp-block-image size-large\"><img src=\"https:\/\/cdu-kempen.de\/wp-content\/uploads\/2022\/11\/CDU-Kempen-11.jpg\" alt=\"\" class=\"wp-image-10589\"\/><\/figure>\n<!-- \/wp:image -->\n\n<!-- wp:image {\"id\":10588,\"sizeSlug\":\"large\",\"linkDestination\":\"none\"} -->\n<figure class=\"wp-block-image size-large\"><img src=\"https:\/\/cdu-kempen.de\/wp-content\/uploads\/2022\/11\/CDU-Kempen-10.jpg\" alt=\"\" class=\"wp-image-10588\"\/><\/figure>\n<!-- \/wp:image -->\n\n<!-- wp:image {\"id\":10584,\"sizeSlug\":\"large\",\"linkDestination\":\"none\"} -->\n<figure class=\"wp-block-image size-large\"><img src=\"https:\/\/cdu-kempen.de\/wp-content\/uploads\/2022\/11\/CDU-Kempen-6.jpg\" alt=\"\" class=\"wp-image-10584\"\/><\/figure>\n<!-- \/wp:image -->\n\n<!-- wp:image {\"id\":10583,\"sizeSlug\":\"large\",\"linkDestination\":\"none\"} -->\n<figure class=\"wp-block-image size-large\"><img src=\"https:\/\/cdu-kempen.de\/wp-content\/uploads\/2022\/11\/CDU-Kempen-4.jpg\" alt=\"\" class=\"wp-image-10583\"\/><\/figure>\n<!-- \/wp:image -->\n\n<!-- wp:image {\"id\":10586,\"sizeSlug\":\"large\",\"linkDestination\":\"none\"} -->\n<figure class=\"wp-block-image size-large\"><img src=\"https:\/\/cdu-kempen.de\/wp-content\/uploads\/2022\/11\/CDU-Kempen-8.jpg\" alt=\"\" class=\"wp-image-10586\"\/><\/figure>\n<!-- \/wp:image -->\n\n<!-- wp:image {\"id\":10580,\"sizeSlug\":\"large\",\"linkDestination\":\"none\"} -->\n<figure class=\"wp-block-image size-large\"><img src=\"https:\/\/cdu-kempen.de\/wp-content\/uploads\/2022\/11\/CDU-Kempen-1.jpg\" alt=\"\" class=\"wp-image-10580\"\/><\/figure>\n<!-- \/wp:image -->\n\n<!-- wp:image {\"id\":10594,\"sizeSlug\":\"large\",\"linkDestination\":\"none\",\"className\":\"is-style-default\"} -->\n<figure class=\"wp-block-image size-large is-style-default\"><img src=\"https:\/\/cdu-kempen.de\/wp-content\/uploads\/2022\/11\/CDU-Kempen-2-1.jpg\" alt=\"\" class=\"wp-image-10594\"\/><\/figure>\n<!-- \/wp:image -->\n\n<!-- wp:image {\"id\":10579,\"sizeSlug\":\"large\",\"linkDestination\":\"none\"} -->\n<figure class=\"wp-block-image size-large\"><img src=\"https:\/\/cdu-kempen.de\/wp-content\/uploads\/2022\/11\/CDU-Kempen-35.jpg\" alt=\"\" class=\"wp-image-10579\"\/><\/figure>\n<!-- \/wp:image -->\n\n<!-- wp:image {\"id\":10577,\"sizeSlug\":\"large\",\"linkDestination\":\"none\"} -->\n<figure class=\"wp-block-image size-large\"><img src=\"https:\/\/cdu-kempen.de\/wp-content\/uploads\/2022\/11\/CDU-Kempen-31.jpg\" alt=\"\" class=\"wp-image-10577\"\/><\/figure>\n<!-- \/wp:image -->\n\n<!-- wp:image {\"id\":10578,\"sizeSlug\":\"large\",\"linkDestination\":\"none\"} -->\n<figure class=\"wp-block-image size-large\"><img src=\"https:\/\/cdu-kempen.de\/wp-content\/uploads\/2022\/11\/CDU-Kempen-32.jpg\" alt=\"\" class=\"wp-image-10578\"\/><\/figure>\n<!-- \/wp:image -->\n\n<!-- wp:image {\"id\":10603,\"sizeSlug\":\"large\",\"linkDestination\":\"none\"} -->\n<figure class=\"wp-block-image size-large\"><img src=\"https:\/\/cdu-kempen.de\/wp-content\/uploads\/2022\/11\/CDU-Kempen-12-1.jpg\" alt=\"\" class=\"wp-image-10603\"\/><\/figure>\n<!-- \/wp:image -->\n\n<!-- wp:image {\"id\":10575,\"sizeSlug\":\"large\",\"linkDestination\":\"none\"} -->\n<figure class=\"wp-block-image size-large\"><img src=\"https:\/\/cdu-kempen.de\/wp-content\/uploads\/2022\/11\/CDU-Kempen-19.jpg\" alt=\"\" class=\"wp-image-10575\"\/><\/figure>\n<!-- \/wp:image -->\n\n<!-- wp:image {\"id\":10574,\"sizeSlug\":\"large\",\"linkDestination\":\"none\"} -->\n<figure class=\"wp-block-image size-large\"><img src=\"https:\/\/cdu-kempen.de\/wp-content\/uploads\/2022\/11\/CDU-Kempen-17.jpg\" alt=\"\" class=\"wp-image-10574\"\/><\/figure>\n<!-- \/wp:image -->\n\n<!-- wp:image {\"id\":10591,\"sizeSlug\":\"large\",\"linkDestination\":\"none\"} -->\n<figure class=\"wp-block-image size-large\"><img src=\"https:\/\/cdu-kempen.de\/wp-content\/uploads\/2022\/11\/CDU-Kempen-15.jpg\" alt=\"\" class=\"wp-image-10591\"\/><\/figure>\n<!-- \/wp:image -->\n\n<!-- wp:image {\"id\":10576,\"sizeSlug\":\"large\",\"linkDestination\":\"none\"} -->\n<figure class=\"wp-block-image size-large\"><img src=\"https:\/\/cdu-kempen.de\/wp-content\/uploads\/2022\/11\/CDU-Kempen-21.jpg\" alt=\"\" class=\"wp-image-10576\"\/><\/figure>\n<!-- \/wp:image -->\n\n<!-- wp:image {\"id\":10592,\"sizeSlug\":\"large\",\"linkDestination\":\"none\"} -->\n<figure class=\"wp-block-image size-large\"><img src=\"https:\/\/cdu-kempen.de\/wp-content\/uploads\/2022\/11\/CDU-Kempen-20.jpg\" alt=\"\" class=\"wp-image-10592\"\/><\/figure>\n<!-- \/wp:image --><\/figure>\n<!-- \/wp:gallery -->","_et_gb_content_width":"","footnotes":""},"categories":[1],"tags":[47,50,34,49,33],"class_list":["post-11278","post","type-post","status-publish","format-standard","has-post-thumbnail","hentry","category-uncategorized","tag-cdu","tag-hospizdienst","tag-kempen","tag-malteser","tag-weckmannkaffee"],"_links":{"self":[{"href":"https:\/\/cdu-kempen.de\/index.php\/wp-json\/wp\/v2\/posts\/11278"}],"collection":[{"href":"https:\/\/cdu-kempen.de\/index.php\/wp-json\/wp\/v2\/posts"}],"about":[{"href":"https:\/\/cdu-kempen.de\/index.php\/wp-json\/wp\/v2\/types\/post"}],"author":[{"embeddable":true,"href":"https:\/\/cdu-kempen.de\/index.php\/wp-json\/wp\/v2\/users\/5"}],"replies":[{"embeddable":true,"href":"https:\/\/cdu-kempen.de\/index.php\/wp-json\/wp\/v2\/comments?post=11278"}],"version-history":[{"count":2,"href":"https:\/\/cdu-kempen.de\/index.php\/wp-json\/wp\/v2\/posts\/11278\/revisions"}],"predecessor-version":[{"id":11296,"href":"https:\/\/cdu-kempen.de\/index.php\/wp-json\/wp\/v2\/posts\/11278\/revisions\/11296"}],"wp:featuredmedia":[{"embeddable":true,"href":"https:\/\/cdu-kempen.de\/index.php\/wp-json\/wp\/v2\/media\/11293"}],"wp:attachment":[{"href":"https:\/\/cdu-kempen.de\/index.php\/wp-json\/wp\/v2\/media?parent=11278"}],"wp:term":[{"taxonomy":"category","embeddable":true,"href":"https:\/\/cdu-kempen.de\/index.php\/wp-json\/wp\/v2\/categories?post=11278"},{"taxonomy":"post_tag","embeddable":true,"href":"https:\/\/cdu-kempen.de\/index.php\/wp-json\/wp\/v2\/tags?post=11278"}],"curies":[{"name":"wp","href":"https:\/\/api.w.org\/{rel}","templated":true}]}}