{"id":11319,"date":"2023-12-16T16:20:43","date_gmt":"2023-12-16T16:20:43","guid":{"rendered":"https:\/\/cdu-kempen.de\/?p=11319"},"modified":"2023-12-16T16:20:46","modified_gmt":"2023-12-16T16:20:46","slug":"bundesregierung-kuerzt-mittel-fuer-die-landwirtschaft","status":"publish","type":"post","link":"https:\/\/cdu-kempen.de\/index.php\/bundesregierung-kuerzt-mittel-fuer-die-landwirtschaft\/","title":{"rendered":"Bundesregierung k\u00fcrzt Mittel f\u00fcr die Landwirtschaft"},"content":{"rendered":"\n<p>Die CDU Kempen ist entsetzt \u00fcber die K\u00fcrzung der Mittel f\u00fcr die heimische Landwirtschaft, die besonders unsere landwirtschaftlich gepr\u00e4gte Region und somit auch die Landwirte in Kempen hart treffen.<\/p>\n\n\n\n<p>\u201eSteigende Kosten f\u00fcr die landwirtschaftlichen Betriebe f\u00fchren zwangsl\u00e4ufig zu h\u00f6heren Kosten f\u00fcr die Verbraucher bei Lebensmitteln. Die Gefahr ist gro\u00df, dass somit die Importe aus dem Ausland steigen werden\u201c, so der Vorsitzende der CDU-Fraktion Kempen Jochen Herbst.<\/p>\n\n\n\n<p>\u201eK\u00fcrzungen im Bundeshaushalt 2024 d\u00fcrfen nicht zu Lasten der Landwirte gehen, die uns mit heimischen Produkten versorgen\u201c, sagt Carsten H\u00f6ner, Vorsitzender des CDU-Stadtverbandes Kempen.<\/p>\n\n\n\n<p>Stefan K\u00fcppers aus Kempen ist der Vorsitzende des CDU-Kreisagrarausschusses Viersen. \u201eWir leisten t\u00e4glich unseren Beitrag, dass es in diesem Land weiter vorw\u00e4rts geht! Wir erzeugen sichere und hochwertige Lebensmittel und schaffen Arbeitspl\u00e4tze im ganzen Land! Wir Landwirte werden nicht hinnehmen, wie die Regierung mit uns umgeht.\u201c<\/p>\n\n\n\n<figure class=\"wp-block-image size-full\"><img loading=\"lazy\" decoding=\"async\" width=\"1024\" height=\"768\" src=\"https:\/\/cdu-kempen.de\/wp-content\/uploads\/2023\/12\/Landwirtschaft2.jpg\" alt=\"\" class=\"wp-image-11323\" srcset=\"https:\/\/cdu-kempen.de\/wp-content\/uploads\/2023\/12\/Landwirtschaft2.jpg 1024w, https:\/\/cdu-kempen.de\/wp-content\/uploads\/2023\/12\/Landwirtschaft2-980x735.jpg 980w, https:\/\/cdu-kempen.de\/wp-content\/uploads\/2023\/12\/Landwirtschaft2-480x360.jpg 480w\" sizes=\"(min-width: 0px) and (max-width: 480px) 480px, (min-width: 481px) and (max-width: 980px) 980px, (min-width: 981px) 1024px, 100vw\" \/><\/figure>\n\n\n\n<figure class=\"wp-block-image size-full\"><img loading=\"lazy\" decoding=\"async\" width=\"1024\" height=\"765\" src=\"https:\/\/cdu-kempen.de\/wp-content\/uploads\/2023\/12\/Landwirtschaft1.jpg\" alt=\"\" class=\"wp-image-11322\" srcset=\"https:\/\/cdu-kempen.de\/wp-content\/uploads\/2023\/12\/Landwirtschaft1.jpg 1024w, https:\/\/cdu-kempen.de\/wp-content\/uploads\/2023\/12\/Landwirtschaft1-980x732.jpg 980w, https:\/\/cdu-kempen.de\/wp-content\/uploads\/2023\/12\/Landwirtschaft1-480x359.jpg 480w\" sizes=\"(min-width: 0px) and (max-width: 480px) 480px, (min-width: 481px) and (max-width: 980px) 980px, (min-width: 981px) 1024px, 100vw\" \/><\/figure>\n","protected":false},"excerpt":{"rendered":"<p>Die CDU Kempen ist entsetzt \u00fcber die K\u00fcrzung der Mittel f\u00fcr die heimische Landwirtschaft, die besonders unsere landwirtschaftlich gepr\u00e4gte Region und somit auch die Landwirte in Kempen hart treffen. \u201eSteigende Kosten f\u00fcr die landwirtschaftlichen Betriebe f\u00fchren zwangsl\u00e4ufig zu h\u00f6heren Kosten f\u00fcr die Verbraucher bei Lebensmitteln. Die Gefahr ist gro\u00df, dass somit die Importe aus dem [&hellip;]<\/p>\n","protected":false},"author":6,"featured_media":11321,"comment_status":"closed","ping_status":"closed","sticky":false,"template":"","format":"standard","meta":{"_et_pb_use_builder":"off","_et_pb_old_content":"","_et_gb_content_width":"","footnotes":""},"categories":[1],"tags":[],"class_list":["post-11319","post","type-post","status-publish","format-standard","has-post-thumbnail","hentry","category-uncategorized"],"_links":{"self":[{"href":"https:\/\/cdu-kempen.de\/index.php\/wp-json\/wp\/v2\/posts\/11319"}],"collection":[{"href":"https:\/\/cdu-kempen.de\/index.php\/wp-json\/wp\/v2\/posts"}],"about":[{"href":"https:\/\/cdu-kempen.de\/index.php\/wp-json\/wp\/v2\/types\/post"}],"author":[{"embeddable":true,"href":"https:\/\/cdu-kempen.de\/index.php\/wp-json\/wp\/v2\/users\/6"}],"replies":[{"embeddable":true,"href":"https:\/\/cdu-kempen.de\/index.php\/wp-json\/wp\/v2\/comments?post=11319"}],"version-history":[{"count":2,"href":"https:\/\/cdu-kempen.de\/index.php\/wp-json\/wp\/v2\/posts\/11319\/revisions"}],"predecessor-version":[{"id":11324,"href":"https:\/\/cdu-kempen.de\/index.php\/wp-json\/wp\/v2\/posts\/11319\/revisions\/11324"}],"wp:featuredmedia":[{"embeddable":true,"href":"https:\/\/cdu-kempen.de\/index.php\/wp-json\/wp\/v2\/media\/11321"}],"wp:attachment":[{"href":"https:\/\/cdu-kempen.de\/index.php\/wp-json\/wp\/v2\/media?parent=11319"}],"wp:term":[{"taxonomy":"category","embeddable":true,"href":"https:\/\/cdu-kempen.de\/index.php\/wp-json\/wp\/v2\/categories?post=11319"},{"taxonomy":"post_tag","embeddable":true,"href":"https:\/\/cdu-kempen.de\/index.php\/wp-json\/wp\/v2\/tags?post=11319"}],"curies":[{"name":"wp","href":"https:\/\/api.w.org\/{rel}","templated":true}]}}