{"id":11330,"date":"2023-12-23T12:54:04","date_gmt":"2023-12-23T12:54:04","guid":{"rendered":"https:\/\/cdu-kempen.de\/?p=11330"},"modified":"2023-12-23T12:54:06","modified_gmt":"2023-12-23T12:54:06","slug":"die-cdu-kempen-wuenscht-ein-besinnliches-weihnachtsfest","status":"publish","type":"post","link":"https:\/\/cdu-kempen.de\/index.php\/die-cdu-kempen-wuenscht-ein-besinnliches-weihnachtsfest\/","title":{"rendered":"Die CDU Kempen w\u00fcnscht ein besinnliches Weihnachtsfest"},"content":{"rendered":"<p>Wir w\u00fcnsche Ihnen von ganzem Herzen eine besinnliche Weihnach Weihnacht, ein zufriedenes Nachdenken \u00fcber Vergangenes, ein wenig Glaube an das Morgen und Hoffnung f\u00fcr die Zukunft.<br \/>\n(Unbekannt)<\/p>\n","protected":false},"excerpt":{"rendered":"<p>Wir w\u00fcnsche Ihnen von ganzem Herzen eine besinnliche Weihnach Weihnacht, ein zufriedenes Nachdenken \u00fcber Vergangenes, ein wenig Glaube an das Morgen und Hoffnung f\u00fcr die Zukunft. (Unbekannt)<\/p>\n","protected":false},"author":5,"featured_media":11326,"comment_status":"closed","ping_status":"open","sticky":false,"template":"","format":"standard","meta":{"_et_pb_use_builder":"","_et_pb_old_content":"","_et_gb_content_width":"","footnotes":""},"categories":[1,7],"tags":[],"class_list":["post-11330","post","type-post","status-publish","format-standard","has-post-thumbnail","hentry","category-uncategorized","category-verschiedenes"],"_links":{"self":[{"href":"https:\/\/cdu-kempen.de\/index.php\/wp-json\/wp\/v2\/posts\/11330"}],"collection":[{"href":"https:\/\/cdu-kempen.de\/index.php\/wp-json\/wp\/v2\/posts"}],"about":[{"href":"https:\/\/cdu-kempen.de\/index.php\/wp-json\/wp\/v2\/types\/post"}],"author":[{"embeddable":true,"href":"https:\/\/cdu-kempen.de\/index.php\/wp-json\/wp\/v2\/users\/5"}],"replies":[{"embeddable":true,"href":"https:\/\/cdu-kempen.de\/index.php\/wp-json\/wp\/v2\/comments?post=11330"}],"version-history":[{"count":1,"href":"https:\/\/cdu-kempen.de\/index.php\/wp-json\/wp\/v2\/posts\/11330\/revisions"}],"predecessor-version":[{"id":11331,"href":"https:\/\/cdu-kempen.de\/index.php\/wp-json\/wp\/v2\/posts\/11330\/revisions\/11331"}],"wp:featuredmedia":[{"embeddable":true,"href":"https:\/\/cdu-kempen.de\/index.php\/wp-json\/wp\/v2\/media\/11326"}],"wp:attachment":[{"href":"https:\/\/cdu-kempen.de\/index.php\/wp-json\/wp\/v2\/media?parent=11330"}],"wp:term":[{"taxonomy":"category","embeddable":true,"href":"https:\/\/cdu-kempen.de\/index.php\/wp-json\/wp\/v2\/categories?post=11330"},{"taxonomy":"post_tag","embeddable":true,"href":"https:\/\/cdu-kempen.de\/index.php\/wp-json\/wp\/v2\/tags?post=11330"}],"curies":[{"name":"wp","href":"https:\/\/api.w.org\/{rel}","templated":true}]}}