{"id":11347,"date":"2024-01-24T14:49:49","date_gmt":"2024-01-24T14:49:49","guid":{"rendered":"https:\/\/cdu-kempen.de\/?p=11347"},"modified":"2024-01-24T14:49:51","modified_gmt":"2024-01-24T14:49:51","slug":"neujahrsempfang-2024","status":"publish","type":"post","link":"https:\/\/cdu-kempen.de\/index.php\/neujahrsempfang-2024\/","title":{"rendered":"Neujahrsempfang 2024"},"content":{"rendered":"\n<p>Zum traditionellen Neujahrsempfang der Kempener CDU im Kolpinghaus konnte der Vorsitzende, Carsten H\u00f6ner, eine Vielzahl von Mitgliedern und G\u00e4sten, darunter NRW-Finanzminister und CDU-Kreisvorsitzender, Dr. Markus Optendrenk, den Kempener B\u00fcrgermeister Christoph Dellmanns, sowie die beiden Altb\u00fcrgermeister, Karl Hensel und Volker R\u00fcbo, begr\u00fc\u00dfen.<\/p>\n\n\n\n<p>Der Abend stand unter dem Thema &#8222;Tourismus am Niederrhein und in Kempen&#8220;. Hierzu hatte die CDU Frau Martina Baumg\u00e4rtner, Gesch\u00e4ftsf\u00fchrerin der Niederrhein Tourismus GmbH, eingeladen, die \u00fcber die aktuelle Lage des Tourismus in der Region und besonders in der Stadt Kempen referierte.<\/p>\n\n\n\n<p>Fraktionsvorsitzender Jochen Herbst gab anschlie\u00dfend noch einen kurzen Einblick in die Fraktionsarbeit. Hierbei betonte er, dass die Politik die Sorgen und \u00c4ngste der Menschen nicht ignorieren und somit nicht radikalen Kr\u00e4ften \u00fcberlassen d\u00fcrfe. \u201eDie Demokratie braucht starke und mutige Demokraten\u201c, sagte Herbst. Daf\u00fcr stehe die CDU-Fraktion in Kempen. <\/p>\n\n\n\n<p>Herbst dankte den vielen B\u00fcrgerinnen und B\u00fcrgern,  die sich vor allem ehrenamtlich f\u00fcr ihre Mitmenschen engagierten. In diesem Sinne ging der  Erl\u00f6s der traditionellen Spendensammlung beim CDU-Neujahrsempfang diesmal an den<br>Ambulanten Hospiz- und Palliativdienst der Malteser in Kempen. Dank der Spendenbereitschaft der G\u00e4ste kam ein Betrag von 1088,00 Euro zusammen.<\/p>\n\n\n\n<p> <\/p>\n\n\n\n<p>Einen ausf\u00fchrlichen Bericht der Sie unter:<a href=\"https:\/\/rp-online.de\/nrw\/staedte\/kempen\/neujahrsempfang-der-cdu-in-kempen_aid-105287833\">https:\/\/rp-online.de\/nrw\/staedte\/kempen\/neujahrsempfang-der-cdu-in-kempen_aid-105287833<\/a> bzw. <a href=\"https:\/\/www.wz.de\/nrw\/kreis-viersen\/kempen-und-grefrath\/neujahrsempfang-der-cdu-in-kempen_aid-105580081\">https:\/\/www.wz.de\/nrw\/kreis-viersen\/kempen-und-grefrath\/neujahrsempfang-der-cdu-in-kempen_aid-105580081<\/a><\/p>\n\n\n\n<figure class=\"wp-block-gallery has-nested-images columns-default is-cropped wp-block-gallery-1 is-layout-flex wp-block-gallery-is-layout-flex\">\n<figure class=\"wp-block-image size-large\"><img loading=\"lazy\" decoding=\"async\" width=\"1160\" height=\"1160\" data-id=\"11364\" src=\"https:\/\/cdu-kempen.de\/wp-content\/uploads\/2024\/01\/20240119_200226-1160x1160.jpg\" alt=\"\" class=\"wp-image-11364\" srcset=\"https:\/\/cdu-kempen.de\/wp-content\/uploads\/2024\/01\/20240119_200226-980x735.jpg 980w, https:\/\/cdu-kempen.de\/wp-content\/uploads\/2024\/01\/20240119_200226-480x360.jpg 480w\" sizes=\"(min-width: 0px) and (max-width: 480px) 480px, (min-width: 481px) and (max-width: 980px) 980px, (min-width: 981px) 1160px, 100vw\" \/><\/figure>\n\n\n\n<figure class=\"wp-block-image size-large\"><img loading=\"lazy\" decoding=\"async\" width=\"1160\" height=\"1160\" data-id=\"11363\" src=\"https:\/\/cdu-kempen.de\/wp-content\/uploads\/2024\/01\/20240119_200210-1160x1160.jpg\" alt=\"\" class=\"wp-image-11363\" srcset=\"https:\/\/cdu-kempen.de\/wp-content\/uploads\/2024\/01\/20240119_200210-980x735.jpg 980w, https:\/\/cdu-kempen.de\/wp-content\/uploads\/2024\/01\/20240119_200210-480x360.jpg 480w\" sizes=\"(min-width: 0px) and (max-width: 480px) 480px, (min-width: 481px) and (max-width: 980px) 980px, (min-width: 981px) 1160px, 100vw\" \/><\/figure>\n\n\n\n<figure class=\"wp-block-image size-large\"><img loading=\"lazy\" decoding=\"async\" width=\"1160\" height=\"1160\" data-id=\"11368\" src=\"https:\/\/cdu-kempen.de\/wp-content\/uploads\/2024\/01\/20240119_200309-1160x1160.jpg\" alt=\"\" class=\"wp-image-11368\" srcset=\"https:\/\/cdu-kempen.de\/wp-content\/uploads\/2024\/01\/20240119_200309-980x735.jpg 980w, https:\/\/cdu-kempen.de\/wp-content\/uploads\/2024\/01\/20240119_200309-480x360.jpg 480w\" sizes=\"(min-width: 0px) and (max-width: 480px) 480px, (min-width: 481px) and (max-width: 980px) 980px, (min-width: 981px) 1160px, 100vw\" \/><\/figure>\n\n\n\n<figure class=\"wp-block-image size-large\"><img loading=\"lazy\" decoding=\"async\" width=\"1160\" height=\"1160\" data-id=\"11367\" src=\"https:\/\/cdu-kempen.de\/wp-content\/uploads\/2024\/01\/20240119_200459-1160x1160.jpg\" alt=\"\" class=\"wp-image-11367\" srcset=\"https:\/\/cdu-kempen.de\/wp-content\/uploads\/2024\/01\/20240119_200459-980x735.jpg 980w, https:\/\/cdu-kempen.de\/wp-content\/uploads\/2024\/01\/20240119_200459-480x360.jpg 480w\" sizes=\"(min-width: 0px) and (max-width: 480px) 480px, (min-width: 481px) and (max-width: 980px) 980px, (min-width: 981px) 1160px, 100vw\" \/><\/figure>\n\n\n\n<figure class=\"wp-block-image size-large\"><img loading=\"lazy\" decoding=\"async\" width=\"1160\" height=\"1160\" data-id=\"11366\" src=\"https:\/\/cdu-kempen.de\/wp-content\/uploads\/2024\/01\/20240119_200518-1160x1160.jpg\" alt=\"\" class=\"wp-image-11366\" srcset=\"https:\/\/cdu-kempen.de\/wp-content\/uploads\/2024\/01\/20240119_200518-980x735.jpg 980w, https:\/\/cdu-kempen.de\/wp-content\/uploads\/2024\/01\/20240119_200518-480x360.jpg 480w\" sizes=\"(min-width: 0px) and (max-width: 480px) 480px, (min-width: 481px) and (max-width: 980px) 980px, (min-width: 981px) 1160px, 100vw\" \/><\/figure>\n\n\n\n<figure class=\"wp-block-image size-large\"><img loading=\"lazy\" decoding=\"async\" width=\"1160\" height=\"1160\" data-id=\"11365\" src=\"https:\/\/cdu-kempen.de\/wp-content\/uploads\/2024\/01\/20240119_200448-1160x1160.jpg\" alt=\"\" class=\"wp-image-11365\" srcset=\"https:\/\/cdu-kempen.de\/wp-content\/uploads\/2024\/01\/20240119_200448-980x735.jpg 980w, https:\/\/cdu-kempen.de\/wp-content\/uploads\/2024\/01\/20240119_200448-480x360.jpg 480w\" sizes=\"(min-width: 0px) and (max-width: 480px) 480px, (min-width: 481px) and (max-width: 980px) 980px, (min-width: 981px) 1160px, 100vw\" \/><\/figure>\n\n\n\n<figure class=\"wp-block-image size-large\"><img loading=\"lazy\" decoding=\"async\" width=\"1160\" height=\"1160\" data-id=\"11373\" src=\"https:\/\/cdu-kempen.de\/wp-content\/uploads\/2024\/01\/20240119_200406-1160x1160.jpg\" alt=\"\" class=\"wp-image-11373\" srcset=\"https:\/\/cdu-kempen.de\/wp-content\/uploads\/2024\/01\/20240119_200406-980x735.jpg 980w, https:\/\/cdu-kempen.de\/wp-content\/uploads\/2024\/01\/20240119_200406-480x360.jpg 480w\" sizes=\"(min-width: 0px) and (max-width: 480px) 480px, (min-width: 481px) and (max-width: 980px) 980px, (min-width: 981px) 1160px, 100vw\" \/><\/figure>\n\n\n\n<figure class=\"wp-block-image size-large\"><img loading=\"lazy\" decoding=\"async\" width=\"1160\" height=\"1160\" data-id=\"11372\" src=\"https:\/\/cdu-kempen.de\/wp-content\/uploads\/2024\/01\/20240119_204353-1160x1160.jpg\" alt=\"\" class=\"wp-image-11372\" srcset=\"https:\/\/cdu-kempen.de\/wp-content\/uploads\/2024\/01\/20240119_204353-980x735.jpg 980w, https:\/\/cdu-kempen.de\/wp-content\/uploads\/2024\/01\/20240119_204353-480x360.jpg 480w\" sizes=\"(min-width: 0px) and (max-width: 480px) 480px, (min-width: 481px) and (max-width: 980px) 980px, (min-width: 981px) 1160px, 100vw\" \/><\/figure>\n\n\n\n<figure class=\"wp-block-image size-large\"><img loading=\"lazy\" decoding=\"async\" width=\"1160\" height=\"1160\" data-id=\"11362\" src=\"https:\/\/cdu-kempen.de\/wp-content\/uploads\/2024\/01\/20240119_195038-1160x1160.jpg\" alt=\"\" class=\"wp-image-11362\" srcset=\"https:\/\/cdu-kempen.de\/wp-content\/uploads\/2024\/01\/20240119_195038-980x735.jpg 980w, https:\/\/cdu-kempen.de\/wp-content\/uploads\/2024\/01\/20240119_195038-480x360.jpg 480w\" sizes=\"(min-width: 0px) and (max-width: 480px) 480px, (min-width: 481px) and (max-width: 980px) 980px, (min-width: 981px) 1160px, 100vw\" \/><\/figure>\n\n\n\n<figure class=\"wp-block-image size-large\"><img loading=\"lazy\" decoding=\"async\" width=\"1160\" height=\"1160\" data-id=\"11370\" src=\"https:\/\/cdu-kempen.de\/wp-content\/uploads\/2024\/01\/20240119_200527-1160x1160.jpg\" alt=\"\" class=\"wp-image-11370\" srcset=\"https:\/\/cdu-kempen.de\/wp-content\/uploads\/2024\/01\/20240119_200527-980x735.jpg 980w, https:\/\/cdu-kempen.de\/wp-content\/uploads\/2024\/01\/20240119_200527-480x360.jpg 480w\" sizes=\"(min-width: 0px) and (max-width: 480px) 480px, (min-width: 481px) and (max-width: 980px) 980px, (min-width: 981px) 1160px, 100vw\" \/><\/figure>\n\n\n\n<figure class=\"wp-block-image size-large\"><img loading=\"lazy\" decoding=\"async\" width=\"1160\" height=\"1160\" data-id=\"11369\" src=\"https:\/\/cdu-kempen.de\/wp-content\/uploads\/2024\/01\/20240119_200552-1160x1160.jpg\" alt=\"\" class=\"wp-image-11369\" srcset=\"https:\/\/cdu-kempen.de\/wp-content\/uploads\/2024\/01\/20240119_200552-980x735.jpg 980w, https:\/\/cdu-kempen.de\/wp-content\/uploads\/2024\/01\/20240119_200552-480x360.jpg 480w\" sizes=\"(min-width: 0px) and (max-width: 480px) 480px, (min-width: 481px) and (max-width: 980px) 980px, (min-width: 981px) 1160px, 100vw\" \/><\/figure>\n\n\n\n<figure class=\"wp-block-image size-large\"><img loading=\"lazy\" decoding=\"async\" width=\"1160\" height=\"1160\" data-id=\"11371\" src=\"https:\/\/cdu-kempen.de\/wp-content\/uploads\/2024\/01\/20240119_214246-1160x1160.jpg\" alt=\"\" class=\"wp-image-11371\" srcset=\"https:\/\/cdu-kempen.de\/wp-content\/uploads\/2024\/01\/20240119_214246-980x735.jpg 980w, https:\/\/cdu-kempen.de\/wp-content\/uploads\/2024\/01\/20240119_214246-480x360.jpg 480w\" sizes=\"(min-width: 0px) and (max-width: 480px) 480px, (min-width: 481px) and (max-width: 980px) 980px, (min-width: 981px) 1160px, 100vw\" \/><\/figure>\n<\/figure>\n","protected":false},"excerpt":{"rendered":"<p>Zum traditionellen Neujahrsempfang der Kempener CDU im Kolpinghaus konnte der Vorsitzende, Carsten H\u00f6ner, eine Vielzahl von Mitgliedern und G\u00e4sten, darunter NRW-Finanzminister und CDU-Kreisvorsitzender, Dr. Markus Optendrenk, den Kempener B\u00fcrgermeister Christoph Dellmanns, sowie die beiden Altb\u00fcrgermeister, Karl Hensel und Volker R\u00fcbo, begr\u00fc\u00dfen. Der Abend stand unter dem Thema &#8222;Tourismus am Niederrhein und in Kempen&#8220;. Hierzu hatte [&hellip;]<\/p>\n","protected":false},"author":5,"featured_media":11374,"comment_status":"closed","ping_status":"closed","sticky":false,"template":"","format":"standard","meta":{"_et_pb_use_builder":"off","_et_pb_old_content":"","_et_gb_content_width":"","footnotes":""},"categories":[1],"tags":[52,51,53],"class_list":["post-11347","post","type-post","status-publish","format-standard","has-post-thumbnail","hentry","category-uncategorized","tag-52","tag-neujahrsempfang","tag-tourismus"],"_links":{"self":[{"href":"https:\/\/cdu-kempen.de\/index.php\/wp-json\/wp\/v2\/posts\/11347"}],"collection":[{"href":"https:\/\/cdu-kempen.de\/index.php\/wp-json\/wp\/v2\/posts"}],"about":[{"href":"https:\/\/cdu-kempen.de\/index.php\/wp-json\/wp\/v2\/types\/post"}],"author":[{"embeddable":true,"href":"https:\/\/cdu-kempen.de\/index.php\/wp-json\/wp\/v2\/users\/5"}],"replies":[{"embeddable":true,"href":"https:\/\/cdu-kempen.de\/index.php\/wp-json\/wp\/v2\/comments?post=11347"}],"version-history":[{"count":7,"href":"https:\/\/cdu-kempen.de\/index.php\/wp-json\/wp\/v2\/posts\/11347\/revisions"}],"predecessor-version":[{"id":11376,"href":"https:\/\/cdu-kempen.de\/index.php\/wp-json\/wp\/v2\/posts\/11347\/revisions\/11376"}],"wp:featuredmedia":[{"embeddable":true,"href":"https:\/\/cdu-kempen.de\/index.php\/wp-json\/wp\/v2\/media\/11374"}],"wp:attachment":[{"href":"https:\/\/cdu-kempen.de\/index.php\/wp-json\/wp\/v2\/media?parent=11347"}],"wp:term":[{"taxonomy":"category","embeddable":true,"href":"https:\/\/cdu-kempen.de\/index.php\/wp-json\/wp\/v2\/categories?post=11347"},{"taxonomy":"post_tag","embeddable":true,"href":"https:\/\/cdu-kempen.de\/index.php\/wp-json\/wp\/v2\/tags?post=11347"}],"curies":[{"name":"wp","href":"https:\/\/api.w.org\/{rel}","templated":true}]}}