{"id":11357,"date":"2024-01-23T15:12:10","date_gmt":"2024-01-23T15:12:10","guid":{"rendered":"https:\/\/cdu-kempen.de\/?p=11357"},"modified":"2024-01-23T15:14:08","modified_gmt":"2024-01-23T15:14:08","slug":"cdu-vor-ort-gespraech-mit-dem-fraktionsvorsitzenden-7","status":"publish","type":"post","link":"https:\/\/cdu-kempen.de\/index.php\/cdu-vor-ort-gespraech-mit-dem-fraktionsvorsitzenden-7\/","title":{"rendered":"CDU vor Ort \u2013 Gespr\u00e4ch mit dem Fraktionsvorsitzenden und dem 1. stellv. B\u00fcrgermeister"},"content":{"rendered":"\n<p><span style=\"color: rgb(51, 51, 51); font-family: Sora, Helvetica, Arial, Lucida, sans-serif; font-size: 15px; font-style: normal; font-variant-ligatures: normal; font-variant-caps: normal; font-weight: 300; letter-spacing: normal; orphans: 2; text-align: start; text-indent: 0px; text-transform: none; widows: 2; word-spacing: 0px; -webkit-text-stroke-width: 0px; white-space: normal; background-color: rgb(255, 255, 255); text-decoration-thickness: initial; text-decoration-style: initial; text-decoration-color: initial; display: inline !important; float: none;\">Der Fraktionsvorsitzende Jochen Herbst und der 1. stellv. B\u00fcrgermeister Hans-Peter van der Bloemen m\u00f6chten mit Ihnen und mit euch am Freitag, 26.01.2024 von 10.00 Uhr bis 12.30 Uhr im Falko auf dem Buttermarkt ins Gespr\u00e4ch kommen.<\/span><\/p>\n","protected":false},"excerpt":{"rendered":"<p>Der Fraktionsvorsitzende Jochen Herbst und der 1. stellv. B\u00fcrgermeister Hans-Peter van der Bloemen m\u00f6chten mit Ihnen und mit euch am Freitag, 26.01.2024 von 10.00 Uhr bis 12.30 Uhr im Falko auf dem Buttermarkt ins Gespr\u00e4ch kommen.<\/p>\n","protected":false},"author":6,"featured_media":9993,"comment_status":"closed","ping_status":"closed","sticky":false,"template":"","format":"standard","meta":{"_et_pb_use_builder":"off","_et_pb_old_content":"","_et_gb_content_width":"","footnotes":""},"categories":[1],"tags":[],"class_list":["post-11357","post","type-post","status-publish","format-standard","has-post-thumbnail","hentry","category-uncategorized"],"_links":{"self":[{"href":"https:\/\/cdu-kempen.de\/index.php\/wp-json\/wp\/v2\/posts\/11357"}],"collection":[{"href":"https:\/\/cdu-kempen.de\/index.php\/wp-json\/wp\/v2\/posts"}],"about":[{"href":"https:\/\/cdu-kempen.de\/index.php\/wp-json\/wp\/v2\/types\/post"}],"author":[{"embeddable":true,"href":"https:\/\/cdu-kempen.de\/index.php\/wp-json\/wp\/v2\/users\/6"}],"replies":[{"embeddable":true,"href":"https:\/\/cdu-kempen.de\/index.php\/wp-json\/wp\/v2\/comments?post=11357"}],"version-history":[{"count":2,"href":"https:\/\/cdu-kempen.de\/index.php\/wp-json\/wp\/v2\/posts\/11357\/revisions"}],"predecessor-version":[{"id":11359,"href":"https:\/\/cdu-kempen.de\/index.php\/wp-json\/wp\/v2\/posts\/11357\/revisions\/11359"}],"wp:featuredmedia":[{"embeddable":true,"href":"https:\/\/cdu-kempen.de\/index.php\/wp-json\/wp\/v2\/media\/9993"}],"wp:attachment":[{"href":"https:\/\/cdu-kempen.de\/index.php\/wp-json\/wp\/v2\/media?parent=11357"}],"wp:term":[{"taxonomy":"category","embeddable":true,"href":"https:\/\/cdu-kempen.de\/index.php\/wp-json\/wp\/v2\/categories?post=11357"},{"taxonomy":"post_tag","embeddable":true,"href":"https:\/\/cdu-kempen.de\/index.php\/wp-json\/wp\/v2\/tags?post=11357"}],"curies":[{"name":"wp","href":"https:\/\/api.w.org\/{rel}","templated":true}]}}