{"id":11406,"date":"2024-03-09T22:39:12","date_gmt":"2024-03-09T22:39:12","guid":{"rendered":"https:\/\/cdu-kempen.de\/?p=11406"},"modified":"2024-03-10T11:41:25","modified_gmt":"2024-03-10T11:41:25","slug":"cdu-kempen-uebergibt-spende-an-den-ambulanten-hospizdienst-der-malteser","status":"publish","type":"post","link":"https:\/\/cdu-kempen.de\/index.php\/cdu-kempen-uebergibt-spende-an-den-ambulanten-hospizdienst-der-malteser\/","title":{"rendered":"CDU Kempen \u00fcbergibt Spende an den ambulanten Hospizdienst der Malteser"},"content":{"rendered":"\n<p>1090,00 Euro hat die CDU den Maltesern gespendet. Der Betrag ist beim Neujahrsempfang der Partei am 19. Januar im Kolpinghaus gesammelt worden. Die Union, st\u00e4rkste politische Kraft in der Thomasstadt, \u00fcberreicht den Erl\u00f6s der Empf\u00e4nge Jahr f\u00fcr Jahr an eine caritative Einrichtung in der Stadt. \u201eDiesmal ist die Wahl nicht ohne Grund auf die Malteser gefallen\u201c, sagt Fraktionsvorsitzender Jochen Herbst. Die Malteser betreiben einen ambulanten Hospizdienst, dem das Geld zugute kommt. \u201eWir haben bereits im Vorjahr einen Antrag an die Stadt gestellt, f\u00fcr Kempen ein Hospiz zu errichten\u201c, so Jochen Herbst. Die vorhandenen Hospize am Niederrhein seien recht weit weg, die Distanz f\u00fcr die in der Regel \u00e4lteren Angeh\u00f6rigen oft kaum zu bew\u00e4ltigen. \u201eEin Hospiz in der Stadt w\u00e4re daher segensreich &#8211; hierf\u00fcr k\u00e4mpfen wir.\u201c Birgit Stienen vom ambulanten Hospizdienst der Malteser bedankt sich bei der Spenden\u00fcberreichung im Kempener Malteserhaus an der Verbindungsstra\u00dfe f\u00fcr die Unterst\u00fctzung. \u201eDer Betrag wird dort eingesetzt, wo er am dringendsten ben\u00f6tigt wird.\u201c Die Malteser betreiben seit 30 Jahren am Niederrhein einen Hospizdienst. Zum Ehrenamtler-Team der Sterbebegleiter im Raum Kempen geh\u00f6ren 35 Personen. Der Dienst ist auf Spenden angewiesen.<\/p>\n\n\n\n<figure class=\"wp-block-gallery has-nested-images columns-default is-cropped wp-block-gallery-1 is-layout-flex wp-block-gallery-is-layout-flex\">\n<figure class=\"wp-block-image size-large\"><img loading=\"lazy\" decoding=\"async\" width=\"1160\" height=\"1160\" data-id=\"11410\" src=\"https:\/\/cdu-kempen.de\/wp-content\/uploads\/2024\/03\/20240306_Malteser_KK_CDU_Spende_01-Foto_Axel_Kueppers-1160x1160.jpg\" alt=\"\" class=\"wp-image-11410\" srcset=\"https:\/\/cdu-kempen.de\/wp-content\/uploads\/2024\/03\/20240306_Malteser_KK_CDU_Spende_01-Foto_Axel_Kueppers-980x738.jpg 980w, https:\/\/cdu-kempen.de\/wp-content\/uploads\/2024\/03\/20240306_Malteser_KK_CDU_Spende_01-Foto_Axel_Kueppers-480x362.jpg 480w\" sizes=\"(min-width: 0px) and (max-width: 480px) 480px, (min-width: 481px) and (max-width: 980px) 980px, (min-width: 981px) 1160px, 100vw\" \/><\/figure>\n<\/figure>\n\n\n\n<p>Heidi Labitzke, die stellvertretende Vorsitzende der Kempener CDU, \u00fcberreicht Birgit Stienen vom Ambulanten Hospizdienst der Kempener Malteser die 1090 Euro. Unterst\u00fctzt wird sie vom Fraktionsvorsitzenden Jochen Herbst (2.v.l.), CDU-Gesch\u00e4ftsf\u00fchrer Hans-Willi Schmitz (2.v.r.) und Stefanie Beyss (r.), die stellvertretende Fraktionsvorsitzende. Links die ehrenamtliche Malteser-Gesch\u00e4ftsf\u00fchrerin Irmgard Heise. Foto: Axel K\u00fcppers<\/p>\n","protected":false},"excerpt":{"rendered":"<p>1090,00 Euro hat die CDU den Maltesern gespendet. Der Betrag ist beim Neujahrsempfang der Partei am 19. Januar im Kolpinghaus gesammelt worden. Die Union, st\u00e4rkste politische Kraft in der Thomasstadt, \u00fcberreicht den Erl\u00f6s der Empf\u00e4nge Jahr f\u00fcr Jahr an eine caritative Einrichtung in der Stadt. \u201eDiesmal ist die Wahl nicht ohne Grund auf die Malteser [&hellip;]<\/p>\n","protected":false},"author":5,"featured_media":11410,"comment_status":"closed","ping_status":"closed","sticky":false,"template":"","format":"standard","meta":{"_et_pb_use_builder":"off","_et_pb_old_content":"","_et_gb_content_width":"","footnotes":""},"categories":[5,1],"tags":[43,51,54],"class_list":["post-11406","post","type-post","status-publish","format-standard","has-post-thumbnail","hentry","category-aktuelles","category-uncategorized","tag-cdu-kempen","tag-neujahrsempfang","tag-spende"],"_links":{"self":[{"href":"https:\/\/cdu-kempen.de\/index.php\/wp-json\/wp\/v2\/posts\/11406"}],"collection":[{"href":"https:\/\/cdu-kempen.de\/index.php\/wp-json\/wp\/v2\/posts"}],"about":[{"href":"https:\/\/cdu-kempen.de\/index.php\/wp-json\/wp\/v2\/types\/post"}],"author":[{"embeddable":true,"href":"https:\/\/cdu-kempen.de\/index.php\/wp-json\/wp\/v2\/users\/5"}],"replies":[{"embeddable":true,"href":"https:\/\/cdu-kempen.de\/index.php\/wp-json\/wp\/v2\/comments?post=11406"}],"version-history":[{"count":3,"href":"https:\/\/cdu-kempen.de\/index.php\/wp-json\/wp\/v2\/posts\/11406\/revisions"}],"predecessor-version":[{"id":11412,"href":"https:\/\/cdu-kempen.de\/index.php\/wp-json\/wp\/v2\/posts\/11406\/revisions\/11412"}],"wp:featuredmedia":[{"embeddable":true,"href":"https:\/\/cdu-kempen.de\/index.php\/wp-json\/wp\/v2\/media\/11410"}],"wp:attachment":[{"href":"https:\/\/cdu-kempen.de\/index.php\/wp-json\/wp\/v2\/media?parent=11406"}],"wp:term":[{"taxonomy":"category","embeddable":true,"href":"https:\/\/cdu-kempen.de\/index.php\/wp-json\/wp\/v2\/categories?post=11406"},{"taxonomy":"post_tag","embeddable":true,"href":"https:\/\/cdu-kempen.de\/index.php\/wp-json\/wp\/v2\/tags?post=11406"}],"curies":[{"name":"wp","href":"https:\/\/api.w.org\/{rel}","templated":true}]}}