{"id":11430,"date":"2024-03-25T20:07:21","date_gmt":"2024-03-25T20:07:21","guid":{"rendered":"https:\/\/cdu-kempen.de\/?p=11430"},"modified":"2024-03-25T20:08:17","modified_gmt":"2024-03-25T20:08:17","slug":"ute-gremmel-geuchen-mit-helene-weber-preis-ausgezeichnet","status":"publish","type":"post","link":"https:\/\/cdu-kempen.de\/index.php\/ute-gremmel-geuchen-mit-helene-weber-preis-ausgezeichnet\/","title":{"rendered":"Ute Gremmel-Geuchen mit Helene Weber-Preis ausgezeichnet"},"content":{"rendered":"\n<p>Auf Vorschlag des CDU-Bundestagsabgeordneten Martin Plum ist die Kempener CDU-Ratsfrau Ute Gremmel-Geuchen am Freitag, 22. M\u00e4rz 2024 von der Bundesministerin f\u00fcr Familie, Senioren, Frauen und Jugend, Lisa Paus, mit dem Helene Weber-Preis ausgezeichnet worden. <\/p>\n\n\n\n<p>Mit dem\u00a0<a href=\"https:\/\/www.frauen-macht-politik.de\/helene-weber-preis\/\" target=\"_blank\" rel=\"noreferrer noopener\">Helene Weber-Preis<\/a>\u00a0zeichnet das Bundesfrauenministerium Neueinsteigerinnen in der Kommunalpolitik aus &#8211; unabh\u00e4ngig von Alter und Parteizugeh\u00f6rigkeit. Sie werden f\u00fcr ihre herausragenden kommunalpolitischen Leistungen in den Bereichen Zivilgesellschaft, Frauen, Gleichstellung und Vielfalt geehrt. Der Preis ist eine bundesweite Initiative zur F\u00f6rderung der politischen Partizipation von Frauen und der einzige \u00fcberparteiliche Preis f\u00fcr Kommunalpolitikerinnen in Deutschland.<\/p>\n\n\n\n<p>Auch der Stellv. B\u00fcrgermeister Willi Stenhorst (CDU) war bei der Preisverleihung in Berlin anwesend.<\/p>\n\n\n\n<p>Die CDU Kempen gratuliert Ute Gremmel-Geuchen ganz herzlich zu dieser Auszeichnung.<\/p>\n\n\n\n<p><\/p>\n\n\n\n<figure class=\"wp-block-image size-large\"><img loading=\"lazy\" decoding=\"async\" width=\"1160\" height=\"1160\" src=\"https:\/\/cdu-kempen.de\/wp-content\/uploads\/2024\/03\/Helene-Weber-Preis_1-1160x1160.jpg\" alt=\"\" class=\"wp-image-11432\" srcset=\"https:\/\/cdu-kempen.de\/wp-content\/uploads\/2024\/03\/Helene-Weber-Preis_1-980x772.jpg 980w, https:\/\/cdu-kempen.de\/wp-content\/uploads\/2024\/03\/Helene-Weber-Preis_1-480x378.jpg 480w\" sizes=\"(min-width: 0px) and (max-width: 480px) 480px, (min-width: 481px) and (max-width: 980px) 980px, (min-width: 981px) 1160px, 100vw\" \/><\/figure>\n\n\n\n<figure class=\"wp-block-gallery has-nested-images columns-default is-cropped wp-block-gallery-1 is-layout-flex wp-block-gallery-is-layout-flex\"><\/figure>\n\n\n\n<figure class=\"wp-block-gallery has-nested-images columns-default is-cropped wp-block-gallery-2 is-layout-flex wp-block-gallery-is-layout-flex\">\n<figure class=\"wp-block-image size-large\"><img loading=\"lazy\" decoding=\"async\" width=\"1160\" height=\"1160\" data-id=\"11434\" src=\"https:\/\/cdu-kempen.de\/wp-content\/uploads\/2024\/03\/Helene-Weber-Preis_3-1-1160x1160.jpg\" alt=\"\" class=\"wp-image-11434\" srcset=\"https:\/\/cdu-kempen.de\/wp-content\/uploads\/2024\/03\/Helene-Weber-Preis_3-1-980x735.jpg 980w, https:\/\/cdu-kempen.de\/wp-content\/uploads\/2024\/03\/Helene-Weber-Preis_3-1-480x360.jpg 480w\" sizes=\"(min-width: 0px) and (max-width: 480px) 480px, (min-width: 481px) and (max-width: 980px) 980px, (min-width: 981px) 1160px, 100vw\" \/><\/figure>\n<\/figure>\n\n\n\n<p>Willi Stenhorst, Ute Gremmel-Geuchen, Lisa Paus, Martin Plum<\/p>\n","protected":false},"excerpt":{"rendered":"<p>Auf Vorschlag des CDU-Bundestagsabgeordneten Martin Plum ist die Kempener CDU-Ratsfrau Ute Gremmel-Geuchen am Freitag, 22. M\u00e4rz 2024 von der Bundesministerin f\u00fcr Familie, Senioren, Frauen und Jugend, Lisa Paus, mit dem Helene Weber-Preis ausgezeichnet worden. Mit dem\u00a0Helene Weber-Preis\u00a0zeichnet das Bundesfrauenministerium Neueinsteigerinnen in der Kommunalpolitik aus &#8211; unabh\u00e4ngig von Alter und Parteizugeh\u00f6rigkeit. Sie werden f\u00fcr ihre herausragenden [&hellip;]<\/p>\n","protected":false},"author":6,"featured_media":11431,"comment_status":"closed","ping_status":"closed","sticky":false,"template":"","format":"standard","meta":{"_et_pb_use_builder":"off","_et_pb_old_content":"","_et_gb_content_width":"","footnotes":""},"categories":[1],"tags":[],"class_list":["post-11430","post","type-post","status-publish","format-standard","has-post-thumbnail","hentry","category-uncategorized"],"_links":{"self":[{"href":"https:\/\/cdu-kempen.de\/index.php\/wp-json\/wp\/v2\/posts\/11430"}],"collection":[{"href":"https:\/\/cdu-kempen.de\/index.php\/wp-json\/wp\/v2\/posts"}],"about":[{"href":"https:\/\/cdu-kempen.de\/index.php\/wp-json\/wp\/v2\/types\/post"}],"author":[{"embeddable":true,"href":"https:\/\/cdu-kempen.de\/index.php\/wp-json\/wp\/v2\/users\/6"}],"replies":[{"embeddable":true,"href":"https:\/\/cdu-kempen.de\/index.php\/wp-json\/wp\/v2\/comments?post=11430"}],"version-history":[{"count":2,"href":"https:\/\/cdu-kempen.de\/index.php\/wp-json\/wp\/v2\/posts\/11430\/revisions"}],"predecessor-version":[{"id":11436,"href":"https:\/\/cdu-kempen.de\/index.php\/wp-json\/wp\/v2\/posts\/11430\/revisions\/11436"}],"wp:featuredmedia":[{"embeddable":true,"href":"https:\/\/cdu-kempen.de\/index.php\/wp-json\/wp\/v2\/media\/11431"}],"wp:attachment":[{"href":"https:\/\/cdu-kempen.de\/index.php\/wp-json\/wp\/v2\/media?parent=11430"}],"wp:term":[{"taxonomy":"category","embeddable":true,"href":"https:\/\/cdu-kempen.de\/index.php\/wp-json\/wp\/v2\/categories?post=11430"},{"taxonomy":"post_tag","embeddable":true,"href":"https:\/\/cdu-kempen.de\/index.php\/wp-json\/wp\/v2\/tags?post=11430"}],"curies":[{"name":"wp","href":"https:\/\/api.w.org\/{rel}","templated":true}]}}