{"id":11437,"date":"2024-03-25T20:33:44","date_gmt":"2024-03-25T20:33:44","guid":{"rendered":"https:\/\/cdu-kempen.de\/?p=11437"},"modified":"2024-03-25T20:37:16","modified_gmt":"2024-03-25T20:37:16","slug":"frauen-union-der-cdu-kempen-besucht-die-ausstellung-am-anfang-war-es-kunst","status":"publish","type":"post","link":"https:\/\/cdu-kempen.de\/index.php\/frauen-union-der-cdu-kempen-besucht-die-ausstellung-am-anfang-war-es-kunst\/","title":{"rendered":"Frauen Union der CDU Kempen besucht die Ausstellung &#8222;Am Anfang war es Kunst&#8220;"},"content":{"rendered":"\n<p><\/p>\n\n\n\n<p>Die Frauen Union Kempen hat die aktuelle Ausstellung <strong>AM ANFANG WAR ES KUNST \u00b7 Brinkmann \u00b7 Messing \u00b7 Peters \u00b7 Scheu\u00df \u00b7 Stefelmanns \u00b7 Wittka<\/strong> der Gemeinschaft Krefelder K\u00fcnstlerinnen und K\u00fcnstler e.V. (GKK) besucht. <\/p>\n\n\n\n<p>Die K\u00fcnstlerin <strong>Edith Stefelmanns<\/strong> und die K\u00fcnstler  <strong>Gilbert Scheu\u00df<\/strong>, <strong>Manfred Messing<\/strong> und <strong>Ulrich Brinkmann <\/strong>wohnen und leben in Kempen. <\/p>\n\n\n\n<p>Edith Stefelmanns und Gilbert Scheu\u00df haben durch die Ausstellung gef\u00fchrt und die Bedeutung der Kunstwerke erl\u00e4utert. Es war ein beeindruckender Besuch mit vielen Informationen.<\/p>\n\n\n\n<p><\/p>\n\n\n\n<figure class=\"wp-block-gallery has-nested-images columns-default is-cropped wp-block-gallery-1 is-layout-flex wp-block-gallery-is-layout-flex\">\n<figure class=\"wp-block-image size-large\"><img loading=\"lazy\" decoding=\"async\" width=\"1160\" height=\"1160\" data-id=\"11439\" src=\"https:\/\/cdu-kempen.de\/wp-content\/uploads\/2024\/03\/2024-03-25_FU_GKK_2-1160x1160.jpg\" alt=\"\" class=\"wp-image-11439\" srcset=\"https:\/\/cdu-kempen.de\/wp-content\/uploads\/2024\/03\/2024-03-25_FU_GKK_2-980x735.jpg 980w, https:\/\/cdu-kempen.de\/wp-content\/uploads\/2024\/03\/2024-03-25_FU_GKK_2-480x360.jpg 480w\" sizes=\"(min-width: 0px) and (max-width: 480px) 480px, (min-width: 481px) and (max-width: 980px) 980px, (min-width: 981px) 1160px, 100vw\" \/><\/figure>\n<\/figure>\n\n\n\n<figure class=\"wp-block-gallery has-nested-images columns-default is-cropped wp-block-gallery-2 is-layout-flex wp-block-gallery-is-layout-flex\">\n<figure class=\"wp-block-image size-large\"><img loading=\"lazy\" decoding=\"async\" width=\"1160\" height=\"1160\" data-id=\"11440\" src=\"https:\/\/cdu-kempen.de\/wp-content\/uploads\/2024\/03\/2024-03-25_FU_GKK_3-1160x1160.jpg\" alt=\"\" class=\"wp-image-11440\" srcset=\"https:\/\/cdu-kempen.de\/wp-content\/uploads\/2024\/03\/2024-03-25_FU_GKK_3-980x735.jpg 980w, https:\/\/cdu-kempen.de\/wp-content\/uploads\/2024\/03\/2024-03-25_FU_GKK_3-480x360.jpg 480w\" sizes=\"(min-width: 0px) and (max-width: 480px) 480px, (min-width: 481px) and (max-width: 980px) 980px, (min-width: 981px) 1160px, 100vw\" \/><\/figure>\n<\/figure>\n\n\n\n<figure class=\"wp-block-image size-large\"><img loading=\"lazy\" decoding=\"async\" width=\"1160\" height=\"1160\" src=\"https:\/\/cdu-kempen.de\/wp-content\/uploads\/2024\/03\/2024-03-25_FU_GKK_4-1160x1160.jpg\" alt=\"\" class=\"wp-image-11441\" srcset=\"https:\/\/cdu-kempen.de\/wp-content\/uploads\/2024\/03\/2024-03-25_FU_GKK_4-980x735.jpg 980w, https:\/\/cdu-kempen.de\/wp-content\/uploads\/2024\/03\/2024-03-25_FU_GKK_4-480x360.jpg 480w\" sizes=\"(min-width: 0px) and (max-width: 480px) 480px, (min-width: 481px) and (max-width: 980px) 980px, (min-width: 981px) 1160px, 100vw\" \/><\/figure>\n\n\n\n<figure class=\"wp-block-gallery has-nested-images columns-default is-cropped wp-block-gallery-3 is-layout-flex wp-block-gallery-is-layout-flex\">\n<figure class=\"wp-block-image size-large\"><img loading=\"lazy\" decoding=\"async\" width=\"1160\" height=\"1160\" data-id=\"11442\" src=\"https:\/\/cdu-kempen.de\/wp-content\/uploads\/2024\/03\/2024-03-25_FU_GKK_7-1160x1160.jpg\" alt=\"\" class=\"wp-image-11442\" srcset=\"https:\/\/cdu-kempen.de\/wp-content\/uploads\/2024\/03\/2024-03-25_FU_GKK_7-980x735.jpg 980w, https:\/\/cdu-kempen.de\/wp-content\/uploads\/2024\/03\/2024-03-25_FU_GKK_7-480x360.jpg 480w\" sizes=\"(min-width: 0px) and (max-width: 480px) 480px, (min-width: 481px) and (max-width: 980px) 980px, (min-width: 981px) 1160px, 100vw\" \/><\/figure>\n<\/figure>\n\n\n\n<figure class=\"wp-block-gallery has-nested-images columns-default is-cropped wp-block-gallery-4 is-layout-flex wp-block-gallery-is-layout-flex\">\n<figure class=\"wp-block-image size-large\"><img loading=\"lazy\" decoding=\"async\" width=\"1160\" height=\"1160\" data-id=\"11443\" src=\"https:\/\/cdu-kempen.de\/wp-content\/uploads\/2024\/03\/2024-03-25_FU_GKK_5-1160x1160.jpg\" alt=\"\" class=\"wp-image-11443\" srcset=\"https:\/\/cdu-kempen.de\/wp-content\/uploads\/2024\/03\/2024-03-25_FU_GKK_5-980x843.jpg 980w, https:\/\/cdu-kempen.de\/wp-content\/uploads\/2024\/03\/2024-03-25_FU_GKK_5-480x413.jpg 480w\" sizes=\"(min-width: 0px) and (max-width: 480px) 480px, (min-width: 481px) and (max-width: 980px) 980px, (min-width: 981px) 1160px, 100vw\" \/><\/figure>\n<\/figure>\n\n\n\n<figure class=\"wp-block-gallery has-nested-images columns-default is-cropped wp-block-gallery-5 is-layout-flex wp-block-gallery-is-layout-flex\">\n<figure class=\"wp-block-image size-large\"><img loading=\"lazy\" decoding=\"async\" width=\"1160\" height=\"1160\" data-id=\"11444\" src=\"https:\/\/cdu-kempen.de\/wp-content\/uploads\/2024\/03\/2024-03-25_FU_GKK_6-1160x1160.jpg\" alt=\"\" class=\"wp-image-11444\" srcset=\"https:\/\/cdu-kempen.de\/wp-content\/uploads\/2024\/03\/2024-03-25_FU_GKK_6-980x735.jpg 980w, https:\/\/cdu-kempen.de\/wp-content\/uploads\/2024\/03\/2024-03-25_FU_GKK_6-480x360.jpg 480w\" sizes=\"(min-width: 0px) and (max-width: 480px) 480px, (min-width: 481px) and (max-width: 980px) 980px, (min-width: 981px) 1160px, 100vw\" \/><\/figure>\n<\/figure>\n","protected":false},"excerpt":{"rendered":"<p>Die Frauen Union Kempen hat die aktuelle Ausstellung AM ANFANG WAR ES KUNST \u00b7 Brinkmann \u00b7 Messing \u00b7 Peters \u00b7 Scheu\u00df \u00b7 Stefelmanns \u00b7 Wittka der Gemeinschaft Krefelder K\u00fcnstlerinnen und K\u00fcnstler e.V. (GKK) besucht. Die K\u00fcnstlerin Edith Stefelmanns und die K\u00fcnstler Gilbert Scheu\u00df, Manfred Messing und Ulrich Brinkmann wohnen und leben in Kempen. Edith Stefelmanns [&hellip;]<\/p>\n","protected":false},"author":6,"featured_media":11438,"comment_status":"closed","ping_status":"closed","sticky":false,"template":"","format":"standard","meta":{"_et_pb_use_builder":"off","_et_pb_old_content":"","_et_gb_content_width":"","footnotes":""},"categories":[1],"tags":[],"class_list":["post-11437","post","type-post","status-publish","format-standard","has-post-thumbnail","hentry","category-uncategorized"],"_links":{"self":[{"href":"https:\/\/cdu-kempen.de\/index.php\/wp-json\/wp\/v2\/posts\/11437"}],"collection":[{"href":"https:\/\/cdu-kempen.de\/index.php\/wp-json\/wp\/v2\/posts"}],"about":[{"href":"https:\/\/cdu-kempen.de\/index.php\/wp-json\/wp\/v2\/types\/post"}],"author":[{"embeddable":true,"href":"https:\/\/cdu-kempen.de\/index.php\/wp-json\/wp\/v2\/users\/6"}],"replies":[{"embeddable":true,"href":"https:\/\/cdu-kempen.de\/index.php\/wp-json\/wp\/v2\/comments?post=11437"}],"version-history":[{"count":3,"href":"https:\/\/cdu-kempen.de\/index.php\/wp-json\/wp\/v2\/posts\/11437\/revisions"}],"predecessor-version":[{"id":11449,"href":"https:\/\/cdu-kempen.de\/index.php\/wp-json\/wp\/v2\/posts\/11437\/revisions\/11449"}],"wp:featuredmedia":[{"embeddable":true,"href":"https:\/\/cdu-kempen.de\/index.php\/wp-json\/wp\/v2\/media\/11438"}],"wp:attachment":[{"href":"https:\/\/cdu-kempen.de\/index.php\/wp-json\/wp\/v2\/media?parent=11437"}],"wp:term":[{"taxonomy":"category","embeddable":true,"href":"https:\/\/cdu-kempen.de\/index.php\/wp-json\/wp\/v2\/categories?post=11437"},{"taxonomy":"post_tag","embeddable":true,"href":"https:\/\/cdu-kempen.de\/index.php\/wp-json\/wp\/v2\/tags?post=11437"}],"curies":[{"name":"wp","href":"https:\/\/api.w.org\/{rel}","templated":true}]}}