{"id":11462,"date":"2024-04-26T09:31:11","date_gmt":"2024-04-26T09:31:11","guid":{"rendered":"https:\/\/cdu-kempen.de\/?p=11462"},"modified":"2024-04-26T09:34:59","modified_gmt":"2024-04-26T09:34:59","slug":"cdu-kempen-vor-ort-am-donnerstag-02-05-2024-in-st-hubert","status":"publish","type":"post","link":"https:\/\/cdu-kempen.de\/index.php\/cdu-kempen-vor-ort-am-donnerstag-02-05-2024-in-st-hubert\/","title":{"rendered":"CDU Kempen vor Ort\u00a0 am Donnerstag, 02.05.2024 in St. Hubert"},"content":{"rendered":"\n<p>Der Fraktionsvorsitzende <strong>Jochen Herbst<\/strong> und der 1. stellv. B\u00fcrgermeister <strong>Hans-Peter van der Bloemen <\/strong>m\u00f6chten mit Ihnen und mit euch am Donnerstag, 02.05.2024 von 10.00 Uhr bis 12.00 Uhr im Caf\u00e9 Poeth in St. Hubert ins Gespr\u00e4ch kommen.<\/p>\n\n\n\n<p><strong>Themen:<\/strong><\/p>\n\n\n\n<ul class=\"wp-block-list\">\n<li>Optimierung der Parksituation im Wandergebiet Schadbruch<\/li>\n<\/ul>\n\n\n\n<ul class=\"wp-block-list\">\n<li>Baugebiet Auf dem Zanger &#8211; Neubau GWG<\/li>\n<\/ul>\n\n\n\n<ul class=\"wp-block-list\">\n<li>Marktplatz St. Hubert<\/li>\n<\/ul>\n\n\n\n<ul class=\"wp-block-list\">\n<li>allgemeine Parkplatzsituation in St. Hubert<\/li>\n<\/ul>\n\n\n\n<ul class=\"wp-block-list\">\n<li>Sportplatz Stendener Stra\u00dfe (Umkleidegeb\u00e4ude)<\/li>\n<\/ul>\n\n\n\n<ul class=\"wp-block-list\">\n<li>alle Themen, die dem B\u00fcrger am Herzen liegen<\/li>\n<\/ul>\n\n\n\n<p><\/p>\n\n\n\n<p><\/p>\n","protected":false},"excerpt":{"rendered":"<p>Der Fraktionsvorsitzende Jochen Herbst und der 1. stellv. B\u00fcrgermeister Hans-Peter van der Bloemen m\u00f6chten mit Ihnen und mit euch am Donnerstag, 02.05.2024 von 10.00 Uhr bis 12.00 Uhr im Caf\u00e9 Poeth in St. Hubert ins Gespr\u00e4ch kommen. Themen:<\/p>\n","protected":false},"author":6,"featured_media":11463,"comment_status":"closed","ping_status":"closed","sticky":false,"template":"","format":"standard","meta":{"_et_pb_use_builder":"off","_et_pb_old_content":"","_et_gb_content_width":"","footnotes":""},"categories":[1],"tags":[],"class_list":["post-11462","post","type-post","status-publish","format-standard","has-post-thumbnail","hentry","category-uncategorized"],"_links":{"self":[{"href":"https:\/\/cdu-kempen.de\/index.php\/wp-json\/wp\/v2\/posts\/11462"}],"collection":[{"href":"https:\/\/cdu-kempen.de\/index.php\/wp-json\/wp\/v2\/posts"}],"about":[{"href":"https:\/\/cdu-kempen.de\/index.php\/wp-json\/wp\/v2\/types\/post"}],"author":[{"embeddable":true,"href":"https:\/\/cdu-kempen.de\/index.php\/wp-json\/wp\/v2\/users\/6"}],"replies":[{"embeddable":true,"href":"https:\/\/cdu-kempen.de\/index.php\/wp-json\/wp\/v2\/comments?post=11462"}],"version-history":[{"count":2,"href":"https:\/\/cdu-kempen.de\/index.php\/wp-json\/wp\/v2\/posts\/11462\/revisions"}],"predecessor-version":[{"id":11465,"href":"https:\/\/cdu-kempen.de\/index.php\/wp-json\/wp\/v2\/posts\/11462\/revisions\/11465"}],"wp:featuredmedia":[{"embeddable":true,"href":"https:\/\/cdu-kempen.de\/index.php\/wp-json\/wp\/v2\/media\/11463"}],"wp:attachment":[{"href":"https:\/\/cdu-kempen.de\/index.php\/wp-json\/wp\/v2\/media?parent=11462"}],"wp:term":[{"taxonomy":"category","embeddable":true,"href":"https:\/\/cdu-kempen.de\/index.php\/wp-json\/wp\/v2\/categories?post=11462"},{"taxonomy":"post_tag","embeddable":true,"href":"https:\/\/cdu-kempen.de\/index.php\/wp-json\/wp\/v2\/tags?post=11462"}],"curies":[{"name":"wp","href":"https:\/\/api.w.org\/{rel}","templated":true}]}}