{"id":11470,"date":"2024-04-29T14:01:52","date_gmt":"2024-04-29T14:01:52","guid":{"rendered":"https:\/\/cdu-kempen.de\/?p=11470"},"modified":"2024-04-29T14:48:50","modified_gmt":"2024-04-29T14:48:50","slug":"75-jahre-grundgesetz","status":"publish","type":"post","link":"https:\/\/cdu-kempen.de\/index.php\/75-jahre-grundgesetz\/","title":{"rendered":"75 Jahre Grundgesetz"},"content":{"rendered":"\n<p>Mit der Unterzeichnung des Grundgesetzes am 23. Mai 1949 wurde die  Bundesrepublik Deutschland gegr\u00fcndet. Die deutsche Verfassung gilt  vielen L\u00e4ndern als Vorbild. 2024 feiern wir somit &#8222;75 Jahre Grundgesetz&#8220;. <\/p>\n\n\n\n<p>Aus Anlass dieses Jubil\u00e4ums wird die CDU Kempen am Freitag, den 24. Mai 2024 von 10.00 bis 12.00 Uhr auf dem Buttermarkt vertreten sein.<\/p>\n\n\n\n<p>Das 1949 verk\u00fcndete Grundgesetz beginnt mit dem bis heute g\u00fcltigen und pr\u00e4genden Artikel eins: <strong>\u201eDie W\u00fcrde des Menschen ist unantastbar. Sie zu achten und zu sch\u00fctzen ist Verpflichtung aller staatlichen Gewalt.\u201c<\/strong> <\/p>\n\n\n\n<p>Bis zum Artikel 19 folgen weitere Grundrechte, sie garantieren etwa Meinungs- und Pressefreiheit, Glaubensfreiheit oder Gleichberechtigung. In Artikel 20 sind die Prinzipien f\u00fcr die Staatsstruktur festgeschrieben, er beginnt mit den Worten: \u201eDie Bundesrepublik Deutschland ist ein demokratischer und sozialer Bundesstaat.\u201c<\/p>\n\n\n\n<p>In den insgesamt 146 Artikeln des Grundgesetzes finden sich dar\u00fcber hinaus unter anderem allgemeine Regelungen zu Bund und L\u00e4ndern, Vorgaben zu den einzelnen Verfassungsorganen wie Bundesregierung und Bundestag, zur Gesetzgebung, zur Verwaltung des Landes, zur Rechtsprechung und zum Finanzwesen.<\/p>\n\n\n\n<p>Hier geht es zum vollst\u00e4ndigen Text des Grundgesetzes:   <a href=\"https:\/\/www.bundestag.de\/gg\">https:\/\/www.bundestag.de\/gg<\/a><\/p>\n\n\n\n<figure class=\"wp-block-gallery has-nested-images columns-default is-cropped wp-block-gallery-1 is-layout-flex wp-block-gallery-is-layout-flex\">\n<figure class=\"wp-block-image size-large\"><img loading=\"lazy\" decoding=\"async\" width=\"800\" height=\"800\" data-id=\"11474\" src=\"https:\/\/cdu-kempen.de\/wp-content\/uploads\/2024\/04\/75-Jahre-Grundgesetz-1.png\" alt=\"\" class=\"wp-image-11474\" srcset=\"https:\/\/cdu-kempen.de\/wp-content\/uploads\/2024\/04\/75-Jahre-Grundgesetz-1.png 800w, https:\/\/cdu-kempen.de\/wp-content\/uploads\/2024\/04\/75-Jahre-Grundgesetz-1-480x480.png 480w\" sizes=\"(min-width: 0px) and (max-width: 480px) 480px, (min-width: 481px) 800px, 100vw\" \/><\/figure>\n<\/figure>\n\n\n\n<p><\/p>\n","protected":false},"excerpt":{"rendered":"<p>Mit der Unterzeichnung des Grundgesetzes am 23. Mai 1949 wurde die Bundesrepublik Deutschland gegr\u00fcndet. Die deutsche Verfassung gilt vielen L\u00e4ndern als Vorbild. 2024 feiern wir somit &#8222;75 Jahre Grundgesetz&#8220;. Aus Anlass dieses Jubil\u00e4ums wird die CDU Kempen am Freitag, den 24. Mai 2024 von 10.00 bis 12.00 Uhr auf dem Buttermarkt vertreten sein. Das 1949 [&hellip;]<\/p>\n","protected":false},"author":5,"featured_media":11478,"comment_status":"closed","ping_status":"closed","sticky":false,"template":"","format":"standard","meta":{"_et_pb_use_builder":"off","_et_pb_old_content":"","_et_gb_content_width":"","footnotes":""},"categories":[5],"tags":[43,55],"class_list":["post-11470","post","type-post","status-publish","format-standard","has-post-thumbnail","hentry","category-aktuelles","tag-cdu-kempen","tag-grundgesetz"],"_links":{"self":[{"href":"https:\/\/cdu-kempen.de\/index.php\/wp-json\/wp\/v2\/posts\/11470"}],"collection":[{"href":"https:\/\/cdu-kempen.de\/index.php\/wp-json\/wp\/v2\/posts"}],"about":[{"href":"https:\/\/cdu-kempen.de\/index.php\/wp-json\/wp\/v2\/types\/post"}],"author":[{"embeddable":true,"href":"https:\/\/cdu-kempen.de\/index.php\/wp-json\/wp\/v2\/users\/5"}],"replies":[{"embeddable":true,"href":"https:\/\/cdu-kempen.de\/index.php\/wp-json\/wp\/v2\/comments?post=11470"}],"version-history":[{"count":6,"href":"https:\/\/cdu-kempen.de\/index.php\/wp-json\/wp\/v2\/posts\/11470\/revisions"}],"predecessor-version":[{"id":11482,"href":"https:\/\/cdu-kempen.de\/index.php\/wp-json\/wp\/v2\/posts\/11470\/revisions\/11482"}],"wp:featuredmedia":[{"embeddable":true,"href":"https:\/\/cdu-kempen.de\/index.php\/wp-json\/wp\/v2\/media\/11478"}],"wp:attachment":[{"href":"https:\/\/cdu-kempen.de\/index.php\/wp-json\/wp\/v2\/media?parent=11470"}],"wp:term":[{"taxonomy":"category","embeddable":true,"href":"https:\/\/cdu-kempen.de\/index.php\/wp-json\/wp\/v2\/categories?post=11470"},{"taxonomy":"post_tag","embeddable":true,"href":"https:\/\/cdu-kempen.de\/index.php\/wp-json\/wp\/v2\/tags?post=11470"}],"curies":[{"name":"wp","href":"https:\/\/api.w.org\/{rel}","templated":true}]}}