{"id":11518,"date":"2024-06-05T10:45:10","date_gmt":"2024-06-05T10:45:10","guid":{"rendered":"https:\/\/cdu-kempen.de\/?p=11518"},"modified":"2024-06-05T10:45:12","modified_gmt":"2024-06-05T10:45:12","slug":"cdu-kempen-vor-ort-am-freitag-7-06-2024-um-17-00-uhr","status":"publish","type":"post","link":"https:\/\/cdu-kempen.de\/index.php\/cdu-kempen-vor-ort-am-freitag-7-06-2024-um-17-00-uhr\/","title":{"rendered":"CDU Kempen vor Ort am Freitag, 7.06.2024 um 17.00 Uhr"},"content":{"rendered":"\n<p class=\"has-text-align-left\">Die historische Altstadt ist der Mittelpunkt unserer Stadt Kempen, nicht nur geographisch gesehen. Mit ihrer besonderen Atmosph\u00e4re ist die Altstadt auch der Mittelpunkt des gesellschaftlichen und kulturellen Lebens in Kempen. Ihren Charme zu erhalten, ist der CDU Kempen ein gro\u00dfes Anliegen. Sie m\u00f6chte dar\u00fcber mit Kempener B\u00fcrgerinnen und B\u00fcrgern ins Gespr\u00e4ch kommen.<br><br>Der f\u00fcr die Altstadt zust\u00e4ndige Ortsausschuss der CDU-Kempen l\u00e4dt daher am <\/p>\n\n\n\n<p class=\"has-text-align-center\"><strong>Freitag, dem 7. Juni 2024 ab 17.00 Uhr (Beginn auf dem Buttermarkt)<\/strong> <\/p>\n\n\n\n<p class=\"has-text-align-left\">zu einem Spaziergang durch die Kempener Altstadt ein. Die CDU m\u00f6chte zu folgenden Themen informieren und mit Ihnen\/Euch ins Gespr\u00e4ch kommen:<br><br>&#8211; Leerstand von Gesch\u00e4ftslokalen<br>&#8211; Neue Bauvorhaben in der Altstadt<br>&#8211; Fahrrad- und Fu\u00dfg\u00e4ngerverkehr in der Fu\u00dfg\u00e4ngerzone<br>&#8211; Parken in der Altstadt<\/p>\n\n\n\n<p>Moderiert wird die Veranstaltung von der direkt gew\u00e4hlten Ratsvertreterin f\u00fcr die Kempener Altstadt, Ute Gremmel-Geuchen sowie den Mitgliedern des CDU Ortsausschusses-Mitte und der CDU-Stadtratsfraktion.<br><br>Die CDU freut sich \u00fcber eine rege Teilnahme und gute Gespr\u00e4che.<\/p>\n","protected":false},"excerpt":{"rendered":"<p>Die historische Altstadt ist der Mittelpunkt unserer Stadt Kempen, nicht nur geographisch gesehen. Mit ihrer besonderen Atmosph\u00e4re ist die Altstadt auch der Mittelpunkt des gesellschaftlichen und kulturellen Lebens in Kempen. Ihren Charme zu erhalten, ist der CDU Kempen ein gro\u00dfes Anliegen. Sie m\u00f6chte dar\u00fcber mit Kempener B\u00fcrgerinnen und B\u00fcrgern ins Gespr\u00e4ch kommen. Der f\u00fcr die [&hellip;]<\/p>\n","protected":false},"author":5,"featured_media":11515,"comment_status":"closed","ping_status":"closed","sticky":false,"template":"","format":"standard","meta":{"_et_pb_use_builder":"off","_et_pb_old_content":"","_et_gb_content_width":"","footnotes":""},"categories":[1],"tags":[],"class_list":["post-11518","post","type-post","status-publish","format-standard","has-post-thumbnail","hentry","category-uncategorized"],"_links":{"self":[{"href":"https:\/\/cdu-kempen.de\/index.php\/wp-json\/wp\/v2\/posts\/11518"}],"collection":[{"href":"https:\/\/cdu-kempen.de\/index.php\/wp-json\/wp\/v2\/posts"}],"about":[{"href":"https:\/\/cdu-kempen.de\/index.php\/wp-json\/wp\/v2\/types\/post"}],"author":[{"embeddable":true,"href":"https:\/\/cdu-kempen.de\/index.php\/wp-json\/wp\/v2\/users\/5"}],"replies":[{"embeddable":true,"href":"https:\/\/cdu-kempen.de\/index.php\/wp-json\/wp\/v2\/comments?post=11518"}],"version-history":[{"count":2,"href":"https:\/\/cdu-kempen.de\/index.php\/wp-json\/wp\/v2\/posts\/11518\/revisions"}],"predecessor-version":[{"id":11520,"href":"https:\/\/cdu-kempen.de\/index.php\/wp-json\/wp\/v2\/posts\/11518\/revisions\/11520"}],"wp:featuredmedia":[{"embeddable":true,"href":"https:\/\/cdu-kempen.de\/index.php\/wp-json\/wp\/v2\/media\/11515"}],"wp:attachment":[{"href":"https:\/\/cdu-kempen.de\/index.php\/wp-json\/wp\/v2\/media?parent=11518"}],"wp:term":[{"taxonomy":"category","embeddable":true,"href":"https:\/\/cdu-kempen.de\/index.php\/wp-json\/wp\/v2\/categories?post=11518"},{"taxonomy":"post_tag","embeddable":true,"href":"https:\/\/cdu-kempen.de\/index.php\/wp-json\/wp\/v2\/tags?post=11518"}],"curies":[{"name":"wp","href":"https:\/\/api.w.org\/{rel}","templated":true}]}}