{"id":11537,"date":"2024-06-08T16:05:13","date_gmt":"2024-06-08T16:05:13","guid":{"rendered":"https:\/\/cdu-kempen.de\/?p=11537"},"modified":"2024-06-08T16:07:09","modified_gmt":"2024-06-08T16:07:09","slug":"cdu-kempen-vor-ort","status":"publish","type":"post","link":"https:\/\/cdu-kempen.de\/index.php\/cdu-kempen-vor-ort\/","title":{"rendered":"CDU Kempen vor Ort"},"content":{"rendered":"\n<p>Der f\u00fcr die Altstadt zust\u00e4ndige Ortsausschuss der CDU-Kempen hatte am 7. Juni 2024 zu einem Spaziergang durch die Kempener Altstadt eingeladen. Dabei wurden mit den Kempener B\u00fcrgerinnen und B\u00fcrgern u. a. nachfolgende Aspekte thematisiert:<\/p>\n\n\n\n<p>\u2013 Leerstand von Gesch\u00e4ftslokalen<br>\u2013 Neue Bauvorhaben in der Altstadt<br>\u2013 Fahrrad- und Fu\u00dfg\u00e4ngerverkehr in der Fu\u00dfg\u00e4ngerzone<br>\u2013 Parken in der Altstadt<\/p>\n\n\n\n<p>Die <a><\/a>CDU hat sich \u00fcber die rege Teilnahme, Eindr\u00fccke und gute Gespr\u00e4che gefreut.<\/p>\n\n\n\n<figure class=\"wp-block-gallery has-nested-images columns-default is-cropped wp-block-gallery-1 is-layout-flex wp-block-gallery-is-layout-flex\">\n<figure class=\"wp-block-image size-large\"><img loading=\"lazy\" decoding=\"async\" width=\"1160\" height=\"1160\" data-id=\"11529\" src=\"https:\/\/cdu-kempen.de\/wp-content\/uploads\/2024\/06\/Altstadttour_CDU-OAS-Kempen-Mitte_2024_1-1160x1160.jpg\" alt=\"\" class=\"wp-image-11529\" srcset=\"https:\/\/cdu-kempen.de\/wp-content\/uploads\/2024\/06\/Altstadttour_CDU-OAS-Kempen-Mitte_2024_1-980x735.jpg 980w, https:\/\/cdu-kempen.de\/wp-content\/uploads\/2024\/06\/Altstadttour_CDU-OAS-Kempen-Mitte_2024_1-480x360.jpg 480w\" sizes=\"(min-width: 0px) and (max-width: 480px) 480px, (min-width: 481px) and (max-width: 980px) 980px, (min-width: 981px) 1160px, 100vw\" \/><\/figure>\n\n\n\n<figure class=\"wp-block-image size-large\"><img loading=\"lazy\" decoding=\"async\" width=\"1160\" height=\"1160\" data-id=\"11530\" src=\"https:\/\/cdu-kempen.de\/wp-content\/uploads\/2024\/06\/Altstadttour_CDU-OAS-Kempen-Mitte_2024_3-1160x1160.jpg\" alt=\"\" class=\"wp-image-11530\" srcset=\"https:\/\/cdu-kempen.de\/wp-content\/uploads\/2024\/06\/Altstadttour_CDU-OAS-Kempen-Mitte_2024_3-980x735.jpg 980w, https:\/\/cdu-kempen.de\/wp-content\/uploads\/2024\/06\/Altstadttour_CDU-OAS-Kempen-Mitte_2024_3-480x360.jpg 480w\" sizes=\"(min-width: 0px) and (max-width: 480px) 480px, (min-width: 481px) and (max-width: 980px) 980px, (min-width: 981px) 1160px, 100vw\" \/><\/figure>\n\n\n\n<figure class=\"wp-block-image size-large\"><img loading=\"lazy\" decoding=\"async\" width=\"1160\" height=\"1160\" data-id=\"11536\" src=\"https:\/\/cdu-kempen.de\/wp-content\/uploads\/2024\/06\/Altstadttour_CDU-OAS-Kempen-Mitte_2024_5-1160x1160.jpg\" alt=\"\" class=\"wp-image-11536\" srcset=\"https:\/\/cdu-kempen.de\/wp-content\/uploads\/2024\/06\/Altstadttour_CDU-OAS-Kempen-Mitte_2024_5-980x735.jpg 980w, https:\/\/cdu-kempen.de\/wp-content\/uploads\/2024\/06\/Altstadttour_CDU-OAS-Kempen-Mitte_2024_5-480x360.jpg 480w\" sizes=\"(min-width: 0px) and (max-width: 480px) 480px, (min-width: 481px) and (max-width: 980px) 980px, (min-width: 981px) 1160px, 100vw\" \/><\/figure>\n\n\n\n<figure class=\"wp-block-image size-large\"><img loading=\"lazy\" decoding=\"async\" width=\"1160\" height=\"1160\" data-id=\"11535\" src=\"https:\/\/cdu-kempen.de\/wp-content\/uploads\/2024\/06\/Altstadttour_CDU-OAS-Kempen-Mitte_2024_4-1160x1160.jpg\" alt=\"\" class=\"wp-image-11535\" srcset=\"https:\/\/cdu-kempen.de\/wp-content\/uploads\/2024\/06\/Altstadttour_CDU-OAS-Kempen-Mitte_2024_4-980x735.jpg 980w, https:\/\/cdu-kempen.de\/wp-content\/uploads\/2024\/06\/Altstadttour_CDU-OAS-Kempen-Mitte_2024_4-480x360.jpg 480w\" sizes=\"(min-width: 0px) and (max-width: 480px) 480px, (min-width: 481px) and (max-width: 980px) 980px, (min-width: 981px) 1160px, 100vw\" \/><\/figure>\n\n\n\n<figure class=\"wp-block-image size-large is-style-default\"><img loading=\"lazy\" decoding=\"async\" width=\"1160\" height=\"1160\" data-id=\"11534\" src=\"https:\/\/cdu-kempen.de\/wp-content\/uploads\/2024\/06\/Altstadttour_CDU-OAS-Kempen-Mitte_2024_7-1160x1160.jpg\" alt=\"\" class=\"wp-image-11534\" srcset=\"https:\/\/cdu-kempen.de\/wp-content\/uploads\/2024\/06\/Altstadttour_CDU-OAS-Kempen-Mitte_2024_7-980x735.jpg 980w, https:\/\/cdu-kempen.de\/wp-content\/uploads\/2024\/06\/Altstadttour_CDU-OAS-Kempen-Mitte_2024_7-480x360.jpg 480w\" sizes=\"(min-width: 0px) and (max-width: 480px) 480px, (min-width: 481px) and (max-width: 980px) 980px, (min-width: 981px) 1160px, 100vw\" \/><\/figure>\n\n\n\n<figure class=\"wp-block-image size-large\"><img loading=\"lazy\" decoding=\"async\" width=\"1160\" height=\"1160\" data-id=\"11533\" src=\"https:\/\/cdu-kempen.de\/wp-content\/uploads\/2024\/06\/Altstadttour_CDU-OAS-Kempen-Mitte_2024_6-1160x1160.jpg\" alt=\"\" class=\"wp-image-11533\" srcset=\"https:\/\/cdu-kempen.de\/wp-content\/uploads\/2024\/06\/Altstadttour_CDU-OAS-Kempen-Mitte_2024_6-980x735.jpg 980w, https:\/\/cdu-kempen.de\/wp-content\/uploads\/2024\/06\/Altstadttour_CDU-OAS-Kempen-Mitte_2024_6-480x360.jpg 480w\" sizes=\"(min-width: 0px) and (max-width: 480px) 480px, (min-width: 481px) and (max-width: 980px) 980px, (min-width: 981px) 1160px, 100vw\" \/><\/figure>\n\n\n\n<figure class=\"wp-block-image size-large\"><img loading=\"lazy\" decoding=\"async\" width=\"1160\" height=\"1160\" data-id=\"11531\" src=\"https:\/\/cdu-kempen.de\/wp-content\/uploads\/2024\/06\/Altstadttour_CDU-OAS-Kempen-Mitte_2024_2-1160x1160.jpg\" alt=\"\" class=\"wp-image-11531\" srcset=\"https:\/\/cdu-kempen.de\/wp-content\/uploads\/2024\/06\/Altstadttour_CDU-OAS-Kempen-Mitte_2024_2-980x595.jpg 980w, https:\/\/cdu-kempen.de\/wp-content\/uploads\/2024\/06\/Altstadttour_CDU-OAS-Kempen-Mitte_2024_2-480x292.jpg 480w\" sizes=\"(min-width: 0px) and (max-width: 480px) 480px, (min-width: 481px) and (max-width: 980px) 980px, (min-width: 981px) 1160px, 100vw\" \/><\/figure>\n<\/figure>\n","protected":false},"excerpt":{"rendered":"<p>Der f\u00fcr die Altstadt zust\u00e4ndige Ortsausschuss der CDU-Kempen hatte am 7. Juni 2024 zu einem Spaziergang durch die Kempener Altstadt eingeladen. Dabei wurden mit den Kempener B\u00fcrgerinnen und B\u00fcrgern u. a. nachfolgende Aspekte thematisiert: \u2013 Leerstand von Gesch\u00e4ftslokalen\u2013 Neue Bauvorhaben in der Altstadt\u2013 Fahrrad- und Fu\u00dfg\u00e4ngerverkehr in der Fu\u00dfg\u00e4ngerzone\u2013 Parken in der Altstadt Die CDU [&hellip;]<\/p>\n","protected":false},"author":5,"featured_media":11529,"comment_status":"closed","ping_status":"closed","sticky":false,"template":"","format":"standard","meta":{"_et_pb_use_builder":"off","_et_pb_old_content":"","_et_gb_content_width":"","footnotes":""},"categories":[1],"tags":[43],"class_list":["post-11537","post","type-post","status-publish","format-standard","has-post-thumbnail","hentry","category-uncategorized","tag-cdu-kempen"],"_links":{"self":[{"href":"https:\/\/cdu-kempen.de\/index.php\/wp-json\/wp\/v2\/posts\/11537"}],"collection":[{"href":"https:\/\/cdu-kempen.de\/index.php\/wp-json\/wp\/v2\/posts"}],"about":[{"href":"https:\/\/cdu-kempen.de\/index.php\/wp-json\/wp\/v2\/types\/post"}],"author":[{"embeddable":true,"href":"https:\/\/cdu-kempen.de\/index.php\/wp-json\/wp\/v2\/users\/5"}],"replies":[{"embeddable":true,"href":"https:\/\/cdu-kempen.de\/index.php\/wp-json\/wp\/v2\/comments?post=11537"}],"version-history":[{"count":1,"href":"https:\/\/cdu-kempen.de\/index.php\/wp-json\/wp\/v2\/posts\/11537\/revisions"}],"predecessor-version":[{"id":11538,"href":"https:\/\/cdu-kempen.de\/index.php\/wp-json\/wp\/v2\/posts\/11537\/revisions\/11538"}],"wp:featuredmedia":[{"embeddable":true,"href":"https:\/\/cdu-kempen.de\/index.php\/wp-json\/wp\/v2\/media\/11529"}],"wp:attachment":[{"href":"https:\/\/cdu-kempen.de\/index.php\/wp-json\/wp\/v2\/media?parent=11537"}],"wp:term":[{"taxonomy":"category","embeddable":true,"href":"https:\/\/cdu-kempen.de\/index.php\/wp-json\/wp\/v2\/categories?post=11537"},{"taxonomy":"post_tag","embeddable":true,"href":"https:\/\/cdu-kempen.de\/index.php\/wp-json\/wp\/v2\/tags?post=11537"}],"curies":[{"name":"wp","href":"https:\/\/api.w.org\/{rel}","templated":true}]}}