{"id":11576,"date":"2024-07-17T15:11:41","date_gmt":"2024-07-17T15:11:41","guid":{"rendered":"https:\/\/cdu-kempen.de\/?p=11576"},"modified":"2024-07-17T15:11:42","modified_gmt":"2024-07-17T15:11:42","slug":"familien-troedelmarkt-der-cdu-kempen-sued","status":"publish","type":"post","link":"https:\/\/cdu-kempen.de\/index.php\/familien-troedelmarkt-der-cdu-kempen-sued\/","title":{"rendered":"Familien-Tr\u00f6delmarkt der CDU Kempen-S\u00fcd"},"content":{"rendered":"\n<h1 class=\"wp-block-heading\"><\/h1>\n\n\n\n<p class=\"has-text-align-left\">Der Ortsausschuss S\u00fcd der CDU Kempen l\u00e4dt f\u00fcr<\/p>\n\n\n\n<p class=\"has-text-align-center\"> <strong>Sonntag, dem 25. August 2024 von 10.00 \u2013 14.00 Uh<\/strong>r<br><strong>auf dem Emilie- Horten- Platz<\/strong> <strong>in<\/strong> <strong>Kempen<\/strong><\/p>\n\n\n\n<p class=\"has-text-align-left\">zum Familientr\u00f6delmarkt ein.<\/p>\n\n\n\n<p><strong>Anmeldungensich ab sofort bis zum 16.08.2024 bei<\/strong><br><strong>Sigrid Schrage per Mail unter <a href=\"https:\/\/cdu-kempen.de\/index.php\/troedelmarkt-der-cdu-kempen-sued\/#\" target=\"_blank\" rel=\"noreferrer noopener\"><span data-email-protect=\"ukitkfuejtcigBygd0fg\"><\/span><\/a> oder telefonisch unter 02152\/9880650<\/strong>.<\/p>\n\n\n\n<p><strong>Gewerbliche Anbieter sind nicht erw\u00fcnscht.<\/strong><\/p>\n\n\n\n<p><a href=\"https:\/\/cdu-kempen.de\/wp-content\/uploads\/2024\/07\/Troedelmarkt-2024.pdf\">https:\/\/cdu-kempen.de\/wp-content\/uploads\/2024\/07\/Troedelmarkt-2024.pdf<\/a><\/p>\n\n\n","protected":false},"excerpt":{"rendered":"<p>Der Ortsausschuss S\u00fcd der CDU Kempen l\u00e4dt f\u00fcr Sonntag, dem 25. August 2024 von 10.00 \u2013 14.00 Uhrauf dem Emilie- Horten- Platz in Kempen zum Familientr\u00f6delmarkt ein. Anmeldungensich ab sofort bis zum 16.08.2024 beiSigrid Schrage per Mail unter oder telefonisch unter 02152\/9880650. Gewerbliche Anbieter sind nicht erw\u00fcnscht. https:\/\/cdu-kempen.de\/wp-content\/uploads\/2024\/07\/Troedelmarkt-2024.pdf<\/p>\n","protected":false},"author":5,"featured_media":11574,"comment_status":"closed","ping_status":"closed","sticky":false,"template":"","format":"standard","meta":{"_et_pb_use_builder":"off","_et_pb_old_content":"","_et_gb_content_width":"","footnotes":""},"categories":[5,1],"tags":[43,32,34],"class_list":["post-11576","post","type-post","status-publish","format-standard","has-post-thumbnail","hentry","category-aktuelles","category-uncategorized","tag-cdu-kempen","tag-cdu-ortsausschuss","tag-kempen"],"_links":{"self":[{"href":"https:\/\/cdu-kempen.de\/index.php\/wp-json\/wp\/v2\/posts\/11576"}],"collection":[{"href":"https:\/\/cdu-kempen.de\/index.php\/wp-json\/wp\/v2\/posts"}],"about":[{"href":"https:\/\/cdu-kempen.de\/index.php\/wp-json\/wp\/v2\/types\/post"}],"author":[{"embeddable":true,"href":"https:\/\/cdu-kempen.de\/index.php\/wp-json\/wp\/v2\/users\/5"}],"replies":[{"embeddable":true,"href":"https:\/\/cdu-kempen.de\/index.php\/wp-json\/wp\/v2\/comments?post=11576"}],"version-history":[{"count":8,"href":"https:\/\/cdu-kempen.de\/index.php\/wp-json\/wp\/v2\/posts\/11576\/revisions"}],"predecessor-version":[{"id":12367,"href":"https:\/\/cdu-kempen.de\/index.php\/wp-json\/wp\/v2\/posts\/11576\/revisions\/12367"}],"wp:featuredmedia":[{"embeddable":true,"href":"https:\/\/cdu-kempen.de\/index.php\/wp-json\/wp\/v2\/media\/11574"}],"wp:attachment":[{"href":"https:\/\/cdu-kempen.de\/index.php\/wp-json\/wp\/v2\/media?parent=11576"}],"wp:term":[{"taxonomy":"category","embeddable":true,"href":"https:\/\/cdu-kempen.de\/index.php\/wp-json\/wp\/v2\/categories?post=11576"},{"taxonomy":"post_tag","embeddable":true,"href":"https:\/\/cdu-kempen.de\/index.php\/wp-json\/wp\/v2\/tags?post=11576"}],"curies":[{"name":"wp","href":"https:\/\/api.w.org\/{rel}","templated":true}]}}