{"id":11657,"date":"2024-08-04T07:57:29","date_gmt":"2024-08-04T07:57:29","guid":{"rendered":"https:\/\/cdu-kempen.de\/?p=11657"},"modified":"2024-08-04T07:59:36","modified_gmt":"2024-08-04T07:59:36","slug":"fahrradparkhaus","status":"publish","type":"post","link":"https:\/\/cdu-kempen.de\/index.php\/fahrradparkhaus\/","title":{"rendered":"Fahrradparkhaus"},"content":{"rendered":"\n<p><em>Im kommenden Umwelt- und Klimaausschuss fordern wir Fakten zum Projekt des Fahrradparkhauses am Bahnhof in Kempen!<\/em><\/p>\n\n\n\n<p><em>Die CDU-Fraktion hat beantragt, dass die Stadtverwaltung zu unseren Fragen schriftlich Stellung <\/em><em>\ud83d\udcdd<\/em><em> nimmt. Unter anderem wollen wir von der Stadtverwaltung wissen, wie hoch die Auslastung der bereits bestehenden Abstellanlagen ist, ob durch die Personalbindung f\u00fcr die Realisierung des Fahrradparkhauses andere geplante Bauprojekte des Hochbauamtes wie z. B. der Familiensportpark, der Schulcampus oder KiTa-Neubauten zur\u00fcckgestellt bzw. anders priorisiert werden m\u00fcssen?<\/em><\/p>\n\n\n\n<p><em>Des Weiteren haben wir als Christdemokraten die Erstellung und Vorstellung eines Betreiber-\/Bewirtschaftungskonzept mit Kostenanalyse beantragt.<\/em><\/p>\n\n\n\n<p><em>In der Ratssitzung am 14.12.2023 haben wir der Einstellung des finanziellen Eigenanteils von rund 410.000 EUR in den st\u00e4dtischen Haushalt zugestimmt. Dies vorausgehend ging eine wochenlange H\u00e4ngepartie durch die unseri\u00f6se Haushaltspolitik <\/em><em> der <\/em><em>\ud83d\udea6<\/em><em>-Regierung! Seinerzeit war dieses Signal f\u00fcr den unzuverl\u00e4ssigen <\/em><em>\ud83d\udea6<\/em><em>&#8211; F\u00f6rdergeber in Berlin unabdingbar\u2026<\/em><\/p>\n\n\n\n<p><em>Aufgrund der geringen Produktivit\u00e4t und der vielen Streitereien innerhalb der Ampel-Regierung sind viele ungewisse, wartende Tage und Monate ins Land gekommen. Nun stellen wir fest, dass sich die konjunkturelle Lage in Deutschland weiter massiv eintr\u00fcbt. Die Deutsche Wirtschaft ist im zweiten Quartal geschrumpft, die Inflation und Baukosten gestiegen. Daneben wird der st\u00e4dtische Haushalt in Kempen durch notwendige Investitionen in Schulen, KiTas und sonstige st\u00e4dtische Liegenschaften mehr denn je belastet!<\/em><\/p>\n\n\n\n<p><em>Zuletzt war aus der Presse zu entnehmen, dass sich in den letzten Jahren der Schuldenstand der Stadt Kempen signifikant erh\u00f6ht hat.&nbsp;<\/em><\/p>\n\n\n\n<p><em>Schlie\u00dflich sehen wir es als notwendig an, auch vor dem Hintergrund das aktuell und zuk\u00fcnftig eine hohe Summe von Steuermitteln f\u00fcr das Fahrradparkhausprojekt bereitgestellt werden sollen\/m\u00fcssen, dass die Stadtverwaltung gewissenhaft unseren Antrag abarbeitet! Auf dieser Grundlage soll der Rat dann entscheiden, ob wir ein Fahrradparkhaus mit 230 Stellpl\u00e4tzen f\u00fcr 1,65 Millionen EUR und somit rund 7.000 EUR je Stellplatz bauen wollen oder nicht!<\/em><\/p>\n\n\n\n<p><em>CDU-Antrag: <\/em><em><a href=\"https:\/\/cdu-kempen.de\/wp-content\/uploads\/2024\/07\/2024-07-25-CDU-Antrag-Konzept-Fahrradparkhaus.pdf\" target=\"_blank\" rel=\"noreferrer noopener\">https:\/\/cdu-kempen.de\/wp-content\/uploads\/2024\/07\/2024-07-25-CDU-Antrag-Konzept-Fahrradparkhaus.pdf<\/a><\/em><\/p>\n\n\n\n<p><em>Artikel RP: <\/em><em><a href=\"https:\/\/rp-online.de\/nrw\/staedte\/kempen\/kempen-cdu-hat-fragen-zum-fahrradparkhaus-am-bahnhof_aid-117008429\" target=\"_blank\" rel=\"noreferrer noopener\">https:\/\/rp-online.de\/nrw\/staedte\/kempen\/kempen-cdu-hat-fragen-zum-fahrradparkhaus-am-bahnhof_aid-117008429<\/a><\/em><\/p>\n","protected":false},"excerpt":{"rendered":"<p>Im kommenden Umwelt- und Klimaausschuss fordern wir Fakten zum Projekt des Fahrradparkhauses am Bahnhof in Kempen! Die CDU-Fraktion hat beantragt, dass die Stadtverwaltung zu unseren Fragen schriftlich Stellung \ud83d\udcdd nimmt. Unter anderem wollen wir von der Stadtverwaltung wissen, wie hoch die Auslastung der bereits bestehenden Abstellanlagen ist, ob durch die Personalbindung f\u00fcr die Realisierung des [&hellip;]<\/p>\n","protected":false},"author":6,"featured_media":11658,"comment_status":"closed","ping_status":"closed","sticky":false,"template":"","format":"standard","meta":{"_et_pb_use_builder":"off","_et_pb_old_content":"","_et_gb_content_width":"","footnotes":""},"categories":[1],"tags":[],"class_list":["post-11657","post","type-post","status-publish","format-standard","has-post-thumbnail","hentry","category-uncategorized"],"_links":{"self":[{"href":"https:\/\/cdu-kempen.de\/index.php\/wp-json\/wp\/v2\/posts\/11657"}],"collection":[{"href":"https:\/\/cdu-kempen.de\/index.php\/wp-json\/wp\/v2\/posts"}],"about":[{"href":"https:\/\/cdu-kempen.de\/index.php\/wp-json\/wp\/v2\/types\/post"}],"author":[{"embeddable":true,"href":"https:\/\/cdu-kempen.de\/index.php\/wp-json\/wp\/v2\/users\/6"}],"replies":[{"embeddable":true,"href":"https:\/\/cdu-kempen.de\/index.php\/wp-json\/wp\/v2\/comments?post=11657"}],"version-history":[{"count":2,"href":"https:\/\/cdu-kempen.de\/index.php\/wp-json\/wp\/v2\/posts\/11657\/revisions"}],"predecessor-version":[{"id":11660,"href":"https:\/\/cdu-kempen.de\/index.php\/wp-json\/wp\/v2\/posts\/11657\/revisions\/11660"}],"wp:featuredmedia":[{"embeddable":true,"href":"https:\/\/cdu-kempen.de\/index.php\/wp-json\/wp\/v2\/media\/11658"}],"wp:attachment":[{"href":"https:\/\/cdu-kempen.de\/index.php\/wp-json\/wp\/v2\/media?parent=11657"}],"wp:term":[{"taxonomy":"category","embeddable":true,"href":"https:\/\/cdu-kempen.de\/index.php\/wp-json\/wp\/v2\/categories?post=11657"},{"taxonomy":"post_tag","embeddable":true,"href":"https:\/\/cdu-kempen.de\/index.php\/wp-json\/wp\/v2\/tags?post=11657"}],"curies":[{"name":"wp","href":"https:\/\/api.w.org\/{rel}","templated":true}]}}