{"id":11707,"date":"2024-09-07T12:58:08","date_gmt":"2024-09-07T12:58:08","guid":{"rendered":"https:\/\/cdu-kempen.de\/?p=11707"},"modified":"2024-09-07T12:58:09","modified_gmt":"2024-09-07T12:58:09","slug":"karl-heinz-hermans-feiert-seinen-95-geburtstag","status":"publish","type":"post","link":"https:\/\/cdu-kempen.de\/index.php\/karl-heinz-hermans-feiert-seinen-95-geburtstag\/","title":{"rendered":"Karl-Heinz Hermans\u00a0feiert seinen 95. Geburtstag"},"content":{"rendered":"\n<p>Karl-Heinz Hermans ist seit 2009 Ehrenb\u00fcrger der Stadt Kempen. Er war von 1979 bis 2009 f\u00fcr die CDU im Rat der Stadt Kempen. Von 1989 bis 1999 ehrenamtlicher B\u00fcrgermeister der Stadt Kempen. Nach der \u00c4nderung des Kommunalwahlgesetzes NRW wurde erstmals ein hauptamtlicher B\u00fcrgermeister gew\u00e4hlt. Der ehemalige Stadtdirektor Karl Hensel wurde  B\u00fcrgermeister und Karl-Heinz Hermans war 1999 bis 2009 der erste stellvertretende B\u00fcrgermeister der Stadt Kempen.<\/p>\n\n\n\n<p>Die CDU Kempen dankt Karl-Heinz Hermans f\u00fcr sein gro\u00dfes Engagement f\u00fcr die Stadt Kempen.<\/p>\n\n\n\n<p>Lieber Karl-Heinz Hermans, herzlichen Gl\u00fcckw\u00fcnsch zum 95. Geburtstag und alles Gute!<\/p>\n\n\n\n<p><\/p>\n","protected":false},"excerpt":{"rendered":"<p>Karl-Heinz Hermans ist seit 2009 Ehrenb\u00fcrger der Stadt Kempen. Er war von 1979 bis 2009 f\u00fcr die CDU im Rat der Stadt Kempen. Von 1989 bis 1999 ehrenamtlicher B\u00fcrgermeister der Stadt Kempen. Nach der \u00c4nderung des Kommunalwahlgesetzes NRW wurde erstmals ein hauptamtlicher B\u00fcrgermeister gew\u00e4hlt. Der ehemalige Stadtdirektor Karl Hensel wurde B\u00fcrgermeister und Karl-Heinz Hermans war [&hellip;]<\/p>\n","protected":false},"author":6,"featured_media":11708,"comment_status":"closed","ping_status":"closed","sticky":false,"template":"","format":"standard","meta":{"_et_pb_use_builder":"off","_et_pb_old_content":"","_et_gb_content_width":"","footnotes":""},"categories":[1],"tags":[],"class_list":["post-11707","post","type-post","status-publish","format-standard","has-post-thumbnail","hentry","category-uncategorized"],"_links":{"self":[{"href":"https:\/\/cdu-kempen.de\/index.php\/wp-json\/wp\/v2\/posts\/11707"}],"collection":[{"href":"https:\/\/cdu-kempen.de\/index.php\/wp-json\/wp\/v2\/posts"}],"about":[{"href":"https:\/\/cdu-kempen.de\/index.php\/wp-json\/wp\/v2\/types\/post"}],"author":[{"embeddable":true,"href":"https:\/\/cdu-kempen.de\/index.php\/wp-json\/wp\/v2\/users\/6"}],"replies":[{"embeddable":true,"href":"https:\/\/cdu-kempen.de\/index.php\/wp-json\/wp\/v2\/comments?post=11707"}],"version-history":[{"count":1,"href":"https:\/\/cdu-kempen.de\/index.php\/wp-json\/wp\/v2\/posts\/11707\/revisions"}],"predecessor-version":[{"id":11710,"href":"https:\/\/cdu-kempen.de\/index.php\/wp-json\/wp\/v2\/posts\/11707\/revisions\/11710"}],"wp:featuredmedia":[{"embeddable":true,"href":"https:\/\/cdu-kempen.de\/index.php\/wp-json\/wp\/v2\/media\/11708"}],"wp:attachment":[{"href":"https:\/\/cdu-kempen.de\/index.php\/wp-json\/wp\/v2\/media?parent=11707"}],"wp:term":[{"taxonomy":"category","embeddable":true,"href":"https:\/\/cdu-kempen.de\/index.php\/wp-json\/wp\/v2\/categories?post=11707"},{"taxonomy":"post_tag","embeddable":true,"href":"https:\/\/cdu-kempen.de\/index.php\/wp-json\/wp\/v2\/tags?post=11707"}],"curies":[{"name":"wp","href":"https:\/\/api.w.org\/{rel}","templated":true}]}}