{"id":11737,"date":"2024-09-23T10:27:19","date_gmt":"2024-09-23T10:27:19","guid":{"rendered":"https:\/\/cdu-kempen.de\/?p=11737"},"modified":"2024-09-23T10:27:21","modified_gmt":"2024-09-23T10:27:21","slug":"ein-starkes-team-der-cdu-kempen","status":"publish","type":"post","link":"https:\/\/cdu-kempen.de\/index.php\/ein-starkes-team-der-cdu-kempen\/","title":{"rendered":"Ein starkes Team der CDU Kempen"},"content":{"rendered":"\n<p>Im B\u00fcrgerhaus D\u00fclken hat an diesem Wochenende der Kreisparteitag stattgefunden. Bei guter Stimmung wurden die CDU-Kandidaten f\u00fcr die Landratswahl und die Bundestagswahl 2025 aufgestellt. Dabei konnten Bennet Gielen 99,5 % und Martin Plum 98 % aller stimmberechtigten Mitglieder f\u00fcr sich gewinnen. F\u00fcr beide Kandidaten ist dies ein grandioses Ergebnis mit viel Vetrauen f\u00fcr die bevorstehenden Aufgaben im Wahlkampf. <\/p>\n\n\n\n<p>Die CDU Kempen gratuliert beiden Kandidaten herzlich &#8211; wir freuen uns auf den gemeinsamen Wahlkampf!<br><br><\/p>\n\n\n\n<figure class=\"wp-block-image size-large\"><img loading=\"lazy\" decoding=\"async\" width=\"1160\" height=\"1160\" src=\"https:\/\/cdu-kempen.de\/wp-content\/uploads\/2024\/09\/20240921_104820-1160x1160.jpg\" alt=\"\" class=\"wp-image-11736\" srcset=\"https:\/\/cdu-kempen.de\/wp-content\/uploads\/2024\/09\/20240921_104820-980x735.jpg 980w, https:\/\/cdu-kempen.de\/wp-content\/uploads\/2024\/09\/20240921_104820-480x360.jpg 480w\" sizes=\"(min-width: 0px) and (max-width: 480px) 480px, (min-width: 481px) and (max-width: 980px) 980px, (min-width: 981px) 1160px, 100vw\" \/><\/figure>\n","protected":false},"excerpt":{"rendered":"<p>Im B\u00fcrgerhaus D\u00fclken hat an diesem Wochenende der Kreisparteitag stattgefunden. Bei guter Stimmung wurden die CDU-Kandidaten f\u00fcr die Landratswahl und die Bundestagswahl 2025 aufgestellt. Dabei konnten Bennet Gielen 99,5 % und Martin Plum 98 % aller stimmberechtigten Mitglieder f\u00fcr sich gewinnen. F\u00fcr beide Kandidaten ist dies ein grandioses Ergebnis mit viel Vetrauen f\u00fcr die bevorstehenden [&hellip;]<\/p>\n","protected":false},"author":5,"featured_media":11736,"comment_status":"closed","ping_status":"closed","sticky":false,"template":"","format":"standard","meta":{"_et_pb_use_builder":"off","_et_pb_old_content":"","_et_gb_content_width":"","footnotes":""},"categories":[5,1],"tags":[61,43,60,62],"class_list":["post-11737","post","type-post","status-publish","format-standard","has-post-thumbnail","hentry","category-aktuelles","category-uncategorized","tag-bundestagswahl","tag-cdu-kempen","tag-kreisparteitag","tag-landrat"],"_links":{"self":[{"href":"https:\/\/cdu-kempen.de\/index.php\/wp-json\/wp\/v2\/posts\/11737"}],"collection":[{"href":"https:\/\/cdu-kempen.de\/index.php\/wp-json\/wp\/v2\/posts"}],"about":[{"href":"https:\/\/cdu-kempen.de\/index.php\/wp-json\/wp\/v2\/types\/post"}],"author":[{"embeddable":true,"href":"https:\/\/cdu-kempen.de\/index.php\/wp-json\/wp\/v2\/users\/5"}],"replies":[{"embeddable":true,"href":"https:\/\/cdu-kempen.de\/index.php\/wp-json\/wp\/v2\/comments?post=11737"}],"version-history":[{"count":1,"href":"https:\/\/cdu-kempen.de\/index.php\/wp-json\/wp\/v2\/posts\/11737\/revisions"}],"predecessor-version":[{"id":11738,"href":"https:\/\/cdu-kempen.de\/index.php\/wp-json\/wp\/v2\/posts\/11737\/revisions\/11738"}],"wp:featuredmedia":[{"embeddable":true,"href":"https:\/\/cdu-kempen.de\/index.php\/wp-json\/wp\/v2\/media\/11736"}],"wp:attachment":[{"href":"https:\/\/cdu-kempen.de\/index.php\/wp-json\/wp\/v2\/media?parent=11737"}],"wp:term":[{"taxonomy":"category","embeddable":true,"href":"https:\/\/cdu-kempen.de\/index.php\/wp-json\/wp\/v2\/categories?post=11737"},{"taxonomy":"post_tag","embeddable":true,"href":"https:\/\/cdu-kempen.de\/index.php\/wp-json\/wp\/v2\/tags?post=11737"}],"curies":[{"name":"wp","href":"https:\/\/api.w.org\/{rel}","templated":true}]}}