{"id":11740,"date":"2024-09-23T10:23:52","date_gmt":"2024-09-23T10:23:52","guid":{"rendered":"https:\/\/cdu-kempen.de\/?p=11740"},"modified":"2024-09-23T10:24:40","modified_gmt":"2024-09-23T10:24:40","slug":"neuwahl-des-vorstands-beim-cdu-ortsausschuss-kempen-sued","status":"publish","type":"post","link":"https:\/\/cdu-kempen.de\/index.php\/neuwahl-des-vorstands-beim-cdu-ortsausschuss-kempen-sued\/","title":{"rendered":"Neuwahl des Vorstands beim CDU Ortsausschuss  Kempen S\u00fcd"},"content":{"rendered":"\n<p>Auf der Mitgliederversammlung des Ortsausschuss S\u00fcd der CDU Kempen wurde am Donnerstagabend, den 19.09.2024, im Kolpinghaus ein neuer Vorstand gew\u00e4hlt. Zur Einstimmung lief eine Fotopr\u00e4sentation mit den Aktionen der letzten Jahre, dabei erinnerte man sich besonders gerne an die Familientr\u00f6delm\u00e4rkte auf dem Emilie-Horten-Platz und das Sommergrillen an der Kreuzkapelle. Der wieder gew\u00e4hlte Vorsitzende Thomas Rox freute sich \u00fcber die gute Teamarbeit: \u201eNur gemeinsam schaffen wir es die verschiedenen Veranstaltungen zu organisieren. Dabei kommt vor allem der Familientr\u00f6del immer gut an.<\/p>\n\n\n\n<p>Das bekannte Vorstandsteam mit Marc Michael als Stellvertreter und Sigrid Schrage als Schriftf\u00fchrerin wurde wie auch die Beisitzer einstimmig wieder gew\u00e4hlt. Neben den bisherigen Beisitzern sind Dr. Thorsten B\u00f6ger und Christian Pommerin neu dabei.<br><\/p>\n\n\n\n<figure class=\"wp-block-image size-large\"><img loading=\"lazy\" decoding=\"async\" width=\"1160\" height=\"1160\" src=\"https:\/\/cdu-kempen.de\/wp-content\/uploads\/2024\/09\/Vorstand_CDU_Kempen_Sued_2024_2-1-1160x1160.jpg\" alt=\"\" class=\"wp-image-11743\" srcset=\"https:\/\/cdu-kempen.de\/wp-content\/uploads\/2024\/09\/Vorstand_CDU_Kempen_Sued_2024_2-1-980x719.jpg 980w, https:\/\/cdu-kempen.de\/wp-content\/uploads\/2024\/09\/Vorstand_CDU_Kempen_Sued_2024_2-1-480x352.jpg 480w\" sizes=\"(min-width: 0px) and (max-width: 480px) 480px, (min-width: 481px) and (max-width: 980px) 980px, (min-width: 981px) 1160px, 100vw\" \/><\/figure>\n\n\n\n<p>Der neue Vorstand von links nach rechts:<br>Klaus Theissen, Dominique-Andr\u00e9 Busch, Heinz-Peter Smits, Dr. Thorsten B\u00f6ger, Sigrid Schrage, Marc Michael, Thomas Rox (es fehlen krankheits- und urlaubsbedingt Dr. Jochen Houben, Sigrid Houben und Christian Pommerin)<\/p>\n","protected":false},"excerpt":{"rendered":"<p>Auf der Mitgliederversammlung des Ortsausschuss S\u00fcd der CDU Kempen wurde am Donnerstagabend, den 19.09.2024, im Kolpinghaus ein neuer Vorstand gew\u00e4hlt. Zur Einstimmung lief eine Fotopr\u00e4sentation mit den Aktionen der letzten Jahre, dabei erinnerte man sich besonders gerne an die Familientr\u00f6delm\u00e4rkte auf dem Emilie-Horten-Platz und das Sommergrillen an der Kreuzkapelle. Der wieder gew\u00e4hlte Vorsitzende Thomas Rox [&hellip;]<\/p>\n","protected":false},"author":5,"featured_media":11742,"comment_status":"closed","ping_status":"closed","sticky":false,"template":"","format":"standard","meta":{"_et_pb_use_builder":"off","_et_pb_old_content":"","_et_gb_content_width":"","footnotes":""},"categories":[5,1],"tags":[43,32,59],"class_list":["post-11740","post","type-post","status-publish","format-standard","has-post-thumbnail","hentry","category-aktuelles","category-uncategorized","tag-cdu-kempen","tag-cdu-ortsausschuss","tag-kempen-sued"],"_links":{"self":[{"href":"https:\/\/cdu-kempen.de\/index.php\/wp-json\/wp\/v2\/posts\/11740"}],"collection":[{"href":"https:\/\/cdu-kempen.de\/index.php\/wp-json\/wp\/v2\/posts"}],"about":[{"href":"https:\/\/cdu-kempen.de\/index.php\/wp-json\/wp\/v2\/types\/post"}],"author":[{"embeddable":true,"href":"https:\/\/cdu-kempen.de\/index.php\/wp-json\/wp\/v2\/users\/5"}],"replies":[{"embeddable":true,"href":"https:\/\/cdu-kempen.de\/index.php\/wp-json\/wp\/v2\/comments?post=11740"}],"version-history":[{"count":4,"href":"https:\/\/cdu-kempen.de\/index.php\/wp-json\/wp\/v2\/posts\/11740\/revisions"}],"predecessor-version":[{"id":11746,"href":"https:\/\/cdu-kempen.de\/index.php\/wp-json\/wp\/v2\/posts\/11740\/revisions\/11746"}],"wp:featuredmedia":[{"embeddable":true,"href":"https:\/\/cdu-kempen.de\/index.php\/wp-json\/wp\/v2\/media\/11742"}],"wp:attachment":[{"href":"https:\/\/cdu-kempen.de\/index.php\/wp-json\/wp\/v2\/media?parent=11740"}],"wp:term":[{"taxonomy":"category","embeddable":true,"href":"https:\/\/cdu-kempen.de\/index.php\/wp-json\/wp\/v2\/categories?post=11740"},{"taxonomy":"post_tag","embeddable":true,"href":"https:\/\/cdu-kempen.de\/index.php\/wp-json\/wp\/v2\/tags?post=11740"}],"curies":[{"name":"wp","href":"https:\/\/api.w.org\/{rel}","templated":true}]}}