{"id":11767,"date":"2024-10-08T21:32:50","date_gmt":"2024-10-08T21:32:50","guid":{"rendered":"https:\/\/cdu-kempen.de\/?p=11767"},"modified":"2024-10-08T21:33:31","modified_gmt":"2024-10-08T21:33:31","slug":"35-jahre-im-rat-der-stadt-kempen","status":"publish","type":"post","link":"https:\/\/cdu-kempen.de\/index.php\/35-jahre-im-rat-der-stadt-kempen\/","title":{"rendered":"35 Jahre im Rat der Stadt Kempen"},"content":{"rendered":"\n<p>In der Ratssitzung am heutigen 08.10.2024 ehrte B\u00fcrgermeister Christoph Dellmanns die CDU-Ratsmitglieder Hans-Peter van der Bloemen, Peter Fischer und Jochen Herbst f\u00fcr 35 Jahre Mitgliedschaft im Rat der Stadt Kempen. Er dankte ihnen f\u00fcr ihr unerm\u00fcdliches Engagement f\u00fcr das Wohl der Stadt Kempen.<br><\/p>\n\n\n\n<figure class=\"wp-block-image size-large\"><img loading=\"lazy\" decoding=\"async\" width=\"1160\" height=\"1160\" src=\"https:\/\/cdu-kempen.de\/wp-content\/uploads\/2024\/10\/20241008_180539-1160x1160.jpeg\" alt=\"\" class=\"wp-image-11766\" srcset=\"https:\/\/cdu-kempen.de\/wp-content\/uploads\/2024\/10\/20241008_180539-980x735.jpeg 980w, https:\/\/cdu-kempen.de\/wp-content\/uploads\/2024\/10\/20241008_180539-480x360.jpeg 480w\" sizes=\"(min-width: 0px) and (max-width: 480px) 480px, (min-width: 481px) and (max-width: 980px) 980px, (min-width: 981px) 1160px, 100vw\" \/><\/figure>\n","protected":false},"excerpt":{"rendered":"<p>In der Ratssitzung am heutigen 08.10.2024 ehrte B\u00fcrgermeister Christoph Dellmanns die CDU-Ratsmitglieder Hans-Peter van der Bloemen, Peter Fischer und Jochen Herbst f\u00fcr 35 Jahre Mitgliedschaft im Rat der Stadt Kempen. Er dankte ihnen f\u00fcr ihr unerm\u00fcdliches Engagement f\u00fcr das Wohl der Stadt Kempen.<\/p>\n","protected":false},"author":5,"featured_media":11766,"comment_status":"closed","ping_status":"closed","sticky":false,"template":"","format":"standard","meta":{"_et_pb_use_builder":"off","_et_pb_old_content":"<!-- wp:paragraph -->\n<p>In der Ratssitzung am heutigen 08.10.2024 ehrte B\u00fcrgermeister Christoph Dellmanns die CDU-Ratsmitglieder Hans-Peter van der Bloemen, Peter Fischer und Jochen Herbst f\u00fcr 35 Jahre Mitgliedschaft im Rat der Stadt Kempen. Er dankte ihnen f\u00fcr ihr unerm\u00fcdliches Engagement f\u00fcr das Wohl der Stadt Kempen.<\/p>\n<!-- \/wp:paragraph -->\n\n<!-- wp:image {\"id\":11766,\"sizeSlug\":\"large\",\"linkDestination\":\"none\"} -->\n<figure class=\"wp-block-image size-large\"><img src=\"https:\/\/cdu-kempen.de\/wp-content\/uploads\/2024\/10\/20241008_180539-1160x1160.jpeg\" alt=\"\" class=\"wp-image-11766\"\/><\/figure>\n<!-- \/wp:image -->","_et_gb_content_width":"","footnotes":""},"categories":[5,4,1],"tags":[43,63],"class_list":["post-11767","post","type-post","status-publish","format-standard","has-post-thumbnail","hentry","category-aktuelles","category-allgemeines","category-uncategorized","tag-cdu-kempen","tag-cdu-ratsfraktion"],"_links":{"self":[{"href":"https:\/\/cdu-kempen.de\/index.php\/wp-json\/wp\/v2\/posts\/11767"}],"collection":[{"href":"https:\/\/cdu-kempen.de\/index.php\/wp-json\/wp\/v2\/posts"}],"about":[{"href":"https:\/\/cdu-kempen.de\/index.php\/wp-json\/wp\/v2\/types\/post"}],"author":[{"embeddable":true,"href":"https:\/\/cdu-kempen.de\/index.php\/wp-json\/wp\/v2\/users\/5"}],"replies":[{"embeddable":true,"href":"https:\/\/cdu-kempen.de\/index.php\/wp-json\/wp\/v2\/comments?post=11767"}],"version-history":[{"count":5,"href":"https:\/\/cdu-kempen.de\/index.php\/wp-json\/wp\/v2\/posts\/11767\/revisions"}],"predecessor-version":[{"id":11772,"href":"https:\/\/cdu-kempen.de\/index.php\/wp-json\/wp\/v2\/posts\/11767\/revisions\/11772"}],"wp:featuredmedia":[{"embeddable":true,"href":"https:\/\/cdu-kempen.de\/index.php\/wp-json\/wp\/v2\/media\/11766"}],"wp:attachment":[{"href":"https:\/\/cdu-kempen.de\/index.php\/wp-json\/wp\/v2\/media?parent=11767"}],"wp:term":[{"taxonomy":"category","embeddable":true,"href":"https:\/\/cdu-kempen.de\/index.php\/wp-json\/wp\/v2\/categories?post=11767"},{"taxonomy":"post_tag","embeddable":true,"href":"https:\/\/cdu-kempen.de\/index.php\/wp-json\/wp\/v2\/tags?post=11767"}],"curies":[{"name":"wp","href":"https:\/\/api.w.org\/{rel}","templated":true}]}}